{"id":35586,"date":"2021-11-16T00:11:16","date_gmt":"2021-11-16T03:11:16","guid":{"rendered":"https:\/\/vocesdebaires.com.ar\/?p=35586"},"modified":"2021-11-16T00:12:47","modified_gmt":"2021-11-16T03:12:47","slug":"santilli-mantuvo-un-encuentro-con-la-militancia-en-general-pacheco","status":"publish","type":"post","link":"https:\/\/vocesdebaires.com.ar\/index.php\/2021\/11\/16\/santilli-mantuvo-un-encuentro-con-la-militancia-en-general-pacheco\/","title":{"rendered":"Santilli mantuvo un encuentro con la militancia en General Pacheco"},"content":{"rendered":"<p>El diputado nacional y el concejal de Juntos electos,Diego Santilli y Segundo Cernadas, se reunieron ayer lunes por la tarde con militantes de Tigre y recorrieron el centro comercial de General Pacheco. Durante el encuentro y ante medios que cubrieron la actividad, el \u201cColo\u201d se mostr\u00f3 \u00abmuy contento\u201d por el trabajo \u201cque hicimos en toda la Provincia\u201d. \u201cUna elecci\u00f3n donde ganaron la mayor\u00eda de los bonaerenses, porque ahora vamos a llevar al Congreso la agenda que nos pidi\u00f3 la sociedad: c\u00f3mo mejoramos la calidad educativa, c\u00f3mo generamos trabajo, c\u00f3mo enfrentamos a los delincuentes y a los narcos, c\u00f3mo apuntalamos la producci\u00f3n y las inversiones\u201d, explic\u00f3.<\/p>\n<p>\u00abCon Segundo estoy orgulloso, contento por el trabajo que venimos haciendo. Hab\u00eda que ganar esta elecci\u00f3n. Era importante para ponerle un freno al kirchnerismo y empezar a tratar los temas que son trascendentales para la provincia y la Argentina. Es la primera vez desde el 83 a la fecha que el peronismo unido no perd\u00eda una elecci\u00f3n en la provincia, y nosotros, gracias al apoyo de la sociedad, pudimos sostener este resultado que le genera esperanza y optimismo a los bonaerenses\u201d, agreg\u00f3.<\/p>\n<p>\u00abAyer no era un momento para festejar. Tenemos 40% de pobres, 11% de indigentes, m\u00e1s de 50% de inflaci\u00f3n. Nosotros, obviamente, ten\u00edamos una inmensa alegr\u00eda por el resultado alcanzado, pero tambi\u00e9n el triunfo nos llena de responsabilidad para afrontar los desaf\u00edos que tiene nuestro pa\u00eds y ahora comienza un camino para repensar nuestro pa\u00eds, todos los problemas estructurales que tenemos y c\u00f3mo vamos a ir resolvi\u00e9ndolos\u00bb, complet\u00f3 Santilli.<\/p>\n<p>&nbsp;<\/p>\n","protected":false},"excerpt":{"rendered":"<p>El diputado nacional y el concejal de Juntos electos,Diego Santilli y Segundo Cernadas, se reunieron ayer lunes por la tarde con militantes de Tigre y recorrieron el centro comercial de General Pacheco. Durante el encuentro y ante medios que cubrieron la actividad, el \u201cColo\u201d se mostr\u00f3 \u00abmuy contento\u201d por el trabajo \u201cque hicimos en toda [&hellip;]<\/p>\n","protected":false},"author":3,"featured_media":35588,"comment_status":"open","ping_status":"open","sticky":false,"template":"","format":"standard","meta":{"_et_pb_use_builder":"","_et_pb_old_content":"","_et_gb_content_width":"","footnotes":""},"categories":[34,13],"tags":[],"class_list":["post-35586","post","type-post","status-publish","format-standard","has-post-thumbnail","hentry","category-politica","category-provincia"],"_links":{"self":[{"href":"https:\/\/vocesdebaires.com.ar\/index.php\/wp-json\/wp\/v2\/posts\/35586"}],"collection":[{"href":"https:\/\/vocesdebaires.com.ar\/index.php\/wp-json\/wp\/v2\/posts"}],"about":[{"href":"https:\/\/vocesdebaires.com.ar\/index.php\/wp-json\/wp\/v2\/types\/post"}],"author":[{"embeddable":true,"href":"https:\/\/vocesdebaires.com.ar\/index.php\/wp-json\/wp\/v2\/users\/3"}],"replies":[{"embeddable":true,"href":"https:\/\/vocesdebaires.com.ar\/index.php\/wp-json\/wp\/v2\/comments?post=35586"}],"version-history":[{"count":1,"href":"https:\/\/vocesdebaires.com.ar\/index.php\/wp-json\/wp\/v2\/posts\/35586\/revisions"}],"predecessor-version":[{"id":35587,"href":"https:\/\/vocesdebaires.com.ar\/index.php\/wp-json\/wp\/v2\/posts\/35586\/revisions\/35587"}],"wp:featuredmedia":[{"embeddable":true,"href":"https:\/\/vocesdebaires.com.ar\/index.php\/wp-json\/wp\/v2\/media\/35588"}],"wp:attachment":[{"href":"https:\/\/vocesdebaires.com.ar\/index.php\/wp-json\/wp\/v2\/media?parent=35586"}],"wp:term":[{"taxonomy":"category","embeddable":true,"href":"https:\/\/vocesdebaires.com.ar\/index.php\/wp-json\/wp\/v2\/categories?post=35586"},{"taxonomy":"post_tag","embeddable":true,"href":"https:\/\/vocesdebaires.com.ar\/index.php\/wp-json\/wp\/v2\/tags?post=35586"}],"curies":[{"name":"wp","href":"https:\/\/api.w.org\/{rel}","templated":true}]}}