{"id":3562,"date":"2019-07-12T04:46:07","date_gmt":"2019-07-12T07:46:07","guid":{"rendered":"http:\/\/vocesdebaires.com.ar\/wordpress\/index.php\/2019\/07\/12\/eliminan-canon-mesas-y-sillas-en-espacio-publico\/"},"modified":"2019-07-12T04:46:07","modified_gmt":"2019-07-12T07:46:07","slug":"eliminan-canon-mesas-y-sillas-en-espacio-publico","status":"publish","type":"post","link":"https:\/\/vocesdebaires.com.ar\/index.php\/2019\/07\/12\/eliminan-canon-mesas-y-sillas-en-espacio-publico\/","title":{"rendered":"Eliminan canon: Mesas y sillas en espacio p\u00fablico"},"content":{"rendered":"<p>La Legislatura de la Ciudad de Buenos Aires aprob\u00f3\u00a0 en el recinto modificaciones a la Ley Tarifaria y derog\u00f3 2 art\u00edculos referidos al pago de una contribuci\u00f3n por la ocupaci\u00f3n y\/o uso de las superficies de la v\u00eda p\u00fablica con mesas y sillas y tambi\u00e9n por la instalaci\u00f3n de plataformas de esparcimiento (decks) beneficiando a locales gastron\u00f3micos con la eximici\u00f3n del canon.<\/p>\n<p>&quot;La propuesta de derogaci\u00f3n se vincula con diversos an\u00e1lisis relacionados con la evoluci\u00f3n de la actividad gastron\u00f3mica en la jurisdicci\u00f3n y las eventuales medidas econ\u00f3micas tendientes a facilitar la creaci\u00f3n de nuevos emprendimientos y la potenciaci\u00f3n del desarrollo de las empresas existentes&quot;, explican los fundamentos del proyecto, que fue enviado a la Legislatura por el Jefe de Gobierno y despachado por la Comisi\u00f3n asesora de Presupuesto y Hacienda.<\/p>\n<p>Para obtener el permiso de emplazamiento de \u00e1rea gastron\u00f3mica y que se habilite la instalaci\u00f3n de mesas y sillas, o de un deck, es necesario presentar una solicitud ante la Direcci\u00f3n General de Ordenamiento del Espacio P\u00fablico junto a la constancia de habilitaci\u00f3n del local otorgada por la Agencia Gubernamental de Control. Uno de los art\u00edculos derogados establec\u00eda el importe a pagar seg\u00fan la cantidad de metros cuadrados ocupados, que a la vez variaba sobre su ubicaci\u00f3n en la Ciudad. Los importes iban desde los $400 a los $2400 pesos semestrales por metro cuadrado para las mesas y sillas a lo que se adicionaban $2000 pesos por cada deck.<\/p>\n<p>Adem\u00e1s, seg\u00fan agregan los considerandos de la iniciativa &quot;se ha verificado que los procesos de determinaci\u00f3n y fiscalizaci\u00f3n de los tributos vinculados con la ocupaci\u00f3n y\/o uso de las superficies de la v\u00eda p\u00fablica con mesas y sillas y con plataformas de esparcimiento, respectivamente, implican la asignaci\u00f3n de recursos administrativos que no guardan relaci\u00f3n con la magnitud de la recaudaci\u00f3n obtenida&quot;.<\/p>\n<p>Por otra parte, la ley aprobada en el recinto\u00a0 33 votos a favor, 22 en contra y 2 abstenciones \u00a0modifica el art\u00edculo 171 de la Ley Tarifaria para el a\u00f1o 2019, suprimiendo los aranceles previstos para los diversos &quot;Centros de Abastecimiento&quot;, figura que se elimina y se incluye en las Ferias Itinerantes de Abastecimiento Barrial (FIAB). Los valores por metro cuadrado son: Mercado de Las Pulgas ($162,50); Ferias Itinerantes ($162,50); Ferias de Libros ($84,50); Ferias Manualistas ($84,50); Ferias Artesanos ($84,50).<\/p>\n<p>Actuarios tienen su d\u00eda<\/p>\n<p>A trav\u00e9s de una ley aprobada, la Legislatura instituy\u00f3 el 23 de Octubre de cada a\u00f1o como el D\u00eda del Actuario, en el \u00e1mbito de la Ciudad Aut\u00f3noma de Buenos Aires. Se propuso esa fecha en conmemoraci\u00f3n al natalicio (1903-1976) del espa\u00f1ol nacionalizado argentino Jos\u00e9 Barral Souto, quien fuera uno de los personajes m\u00e1s influyentes en la profesi\u00f3n de Actuario en la ciudad y el pa\u00eds. La iniciativa fue del legislador Christian Bahuab (VJ) y tuvo despacho de la Comisi\u00f3n de Educaci\u00f3n, Ciencia y Tecnolog\u00eda.<\/p>\n<p>Inter\u00e9s cultural<\/p>\n<p>Por una iniciativa de la\u00a0 legisladora\u00a0 Andrea Conde (UC), se declar\u00f3 de inter\u00e9s cultural de la Ciudad Aut\u00f3noma de Buenos Aires el Ciclo \u201cM\u00fasica e Historia en los Palacios\u201d, un homenaje a los palacios y edificios emblem\u00e1ticos de Buenos Aires, organizado por el grupo Cuarteto de Amigos, tambi\u00e9n declarado de inter\u00e9s cultural. &quot;M\u00fasica e Historia en los Palacios es un ciclo iniciado en el 2017 que tiene como objetivo primordial difundir la M\u00fasica de C\u00e1mara en su formaci\u00f3n m\u00e1s prol\u00edfica, el cuarteto de cuerda y sus derivaciones, mediante la ejecuci\u00f3n de algunas de sus obras m\u00e1s importantes, en ambientes similares a donde fueron ejecutadas por primera vez.<\/p>\n<p>La Ciudad de Buenos Aires cuenta con extraordinarios palacios que son marco de este ciclo de conciertos. Durante el concierto, la historia de cada uno de estos palacios es relatada a lo largo de cada encuentro por una historiadora especializada&quot;, explican los fundamentos del proyecto. En el mismo sentido, la Legislatura declar\u00f3 de inter\u00e9s cultural de la Ciudad Aut\u00f3noma de Buenos Aires al cuarteto de m\u00fasica cl\u00e1sica \u201cCuarteto de Amigos\u201d, que se constituy\u00f3 como agrupaci\u00f3n de cuerdas en el a\u00f1o 2015, y es actualmente uno de los m\u00e1s importantes y activos grupos de c\u00e1mara de la Argentina.<\/p>\n","protected":false},"excerpt":{"rendered":"<p>La Legislatura de la Ciudad de Buenos Aires aprob\u00f3\u00a0 en el recinto modificaciones a la Ley Tarifaria y derog\u00f3 2 art\u00edculos referidos al pago de una contribuci\u00f3n por la ocupaci\u00f3n y\/o uso de las superficies de la v\u00eda p\u00fablica con mesas y sillas y tambi\u00e9n por la instalaci\u00f3n de plataformas de esparcimiento (decks) beneficiando a [&hellip;]<\/p>\n","protected":false},"author":1,"featured_media":3563,"comment_status":"open","ping_status":"open","sticky":false,"template":"","format":"standard","meta":{"_et_pb_use_builder":"","_et_pb_old_content":"","_et_gb_content_width":"","footnotes":""},"categories":[11,33],"tags":[],"class_list":["post-3562","post","type-post","status-publish","format-standard","has-post-thumbnail","hentry","category-ciudad","category-sociedad-y-cultura-2"],"_links":{"self":[{"href":"https:\/\/vocesdebaires.com.ar\/index.php\/wp-json\/wp\/v2\/posts\/3562"}],"collection":[{"href":"https:\/\/vocesdebaires.com.ar\/index.php\/wp-json\/wp\/v2\/posts"}],"about":[{"href":"https:\/\/vocesdebaires.com.ar\/index.php\/wp-json\/wp\/v2\/types\/post"}],"author":[{"embeddable":true,"href":"https:\/\/vocesdebaires.com.ar\/index.php\/wp-json\/wp\/v2\/users\/1"}],"replies":[{"embeddable":true,"href":"https:\/\/vocesdebaires.com.ar\/index.php\/wp-json\/wp\/v2\/comments?post=3562"}],"version-history":[{"count":0,"href":"https:\/\/vocesdebaires.com.ar\/index.php\/wp-json\/wp\/v2\/posts\/3562\/revisions"}],"wp:featuredmedia":[{"embeddable":true,"href":"https:\/\/vocesdebaires.com.ar\/index.php\/wp-json\/wp\/v2\/media\/3563"}],"wp:attachment":[{"href":"https:\/\/vocesdebaires.com.ar\/index.php\/wp-json\/wp\/v2\/media?parent=3562"}],"wp:term":[{"taxonomy":"category","embeddable":true,"href":"https:\/\/vocesdebaires.com.ar\/index.php\/wp-json\/wp\/v2\/categories?post=3562"},{"taxonomy":"post_tag","embeddable":true,"href":"https:\/\/vocesdebaires.com.ar\/index.php\/wp-json\/wp\/v2\/tags?post=3562"}],"curies":[{"name":"wp","href":"https:\/\/api.w.org\/{rel}","templated":true}]}}