{"id":3578,"date":"2019-07-11T03:00:00","date_gmt":"2019-07-11T06:00:00","guid":{"rendered":"http:\/\/vocesdebaires.com.ar\/wordpress\/index.php\/2019\/07\/11\/allanaron-localesvendian-celulares-robados\/"},"modified":"2019-07-11T03:00:00","modified_gmt":"2019-07-11T06:00:00","slug":"allanaron-localesvendian-celulares-robados","status":"publish","type":"post","link":"https:\/\/vocesdebaires.com.ar\/index.php\/2019\/07\/11\/allanaron-localesvendian-celulares-robados\/","title":{"rendered":"Allanaron locales:Vend\u00edan celulares robados"},"content":{"rendered":"<p>D\u00edas atr\u00e1s personal de la Divisi\u00f3n Delitos Inform\u00e1ticos Complejos de la Polic\u00eda de la Ciudad realiz\u00f3 allanamientos simult\u00e1neos en dos locales a la calle ubicados en la zona de Once en donde se comercializaban celulares robados, logrando detener a siete personas de las cuales tres son de nacionalidad peruana.Tras recibir la disposici\u00f3n de realizar tareas de investigaci\u00f3n por parte Juzgado Nacional en lo Criminal y Correccional Nro. 4 a cargo del Dr. Murano, personal de la Divisi\u00f3n Delitos Inform\u00e1ticos Complejos se dirigi\u00f3 hacia la zona para realizar el trabajo de campo correspondiente. Luego de un tiempo, la divisi\u00f3n de la Polic\u00eda de la Ciudad logr\u00f3 establecer que distintos sujetos llegaban con tel\u00e9fonos celulares y dispositivos tecnol\u00f3gicos, de dudosa procedencia, al primer local.<\/p>\n<p>A su vez, los empleados de dicho comercio se trasladaban a pie hacia un segundo local justo enfrente donde no se lograba visualizar a simple vista la comercializaci\u00f3n de celulares. Las investigaciones se fueron profundizando y se logr\u00f3 determinar que en el primer local funcionaba un laboratorio t\u00e9cnico, mientras que en el segundo, se recib\u00edan los pedidos de accesorios y partes de tel\u00e9fonos, como as\u00ed tambi\u00e9n el producto de los desmontes efectuados en el primer local. Los siete detenidos fueron inmediatamente trasladados a la Alcald\u00eda de la zona. Adem\u00e1s, se secuestraron 100 d\u00f3lares, 18 mil pesos argentinos, 14 tel\u00e9fonos robados, varios CPU y una gran cantidad de m\u00f3dulos de celulares de alta gama. El caso qued\u00f3 bajo la caratula de &quot;Infracci\u00f3n a la Ley 25.891 (Ley de Telecomunicaciones)&quot;.<\/p>\n","protected":false},"excerpt":{"rendered":"<p>D\u00edas atr\u00e1s personal de la Divisi\u00f3n Delitos Inform\u00e1ticos Complejos de la Polic\u00eda de la Ciudad realiz\u00f3 allanamientos simult\u00e1neos en dos locales a la calle ubicados en la zona de Once en donde se comercializaban celulares robados, logrando detener a siete personas de las cuales tres son de nacionalidad peruana.Tras recibir la disposici\u00f3n de realizar tareas [&hellip;]<\/p>\n","protected":false},"author":1,"featured_media":3579,"comment_status":"open","ping_status":"open","sticky":false,"template":"","format":"standard","meta":{"_et_pb_use_builder":"","_et_pb_old_content":"","_et_gb_content_width":"","footnotes":""},"categories":[11,32],"tags":[],"class_list":["post-3578","post","type-post","status-publish","format-standard","has-post-thumbnail","hentry","category-ciudad","category-comunas"],"_links":{"self":[{"href":"https:\/\/vocesdebaires.com.ar\/index.php\/wp-json\/wp\/v2\/posts\/3578"}],"collection":[{"href":"https:\/\/vocesdebaires.com.ar\/index.php\/wp-json\/wp\/v2\/posts"}],"about":[{"href":"https:\/\/vocesdebaires.com.ar\/index.php\/wp-json\/wp\/v2\/types\/post"}],"author":[{"embeddable":true,"href":"https:\/\/vocesdebaires.com.ar\/index.php\/wp-json\/wp\/v2\/users\/1"}],"replies":[{"embeddable":true,"href":"https:\/\/vocesdebaires.com.ar\/index.php\/wp-json\/wp\/v2\/comments?post=3578"}],"version-history":[{"count":0,"href":"https:\/\/vocesdebaires.com.ar\/index.php\/wp-json\/wp\/v2\/posts\/3578\/revisions"}],"wp:featuredmedia":[{"embeddable":true,"href":"https:\/\/vocesdebaires.com.ar\/index.php\/wp-json\/wp\/v2\/media\/3579"}],"wp:attachment":[{"href":"https:\/\/vocesdebaires.com.ar\/index.php\/wp-json\/wp\/v2\/media?parent=3578"}],"wp:term":[{"taxonomy":"category","embeddable":true,"href":"https:\/\/vocesdebaires.com.ar\/index.php\/wp-json\/wp\/v2\/categories?post=3578"},{"taxonomy":"post_tag","embeddable":true,"href":"https:\/\/vocesdebaires.com.ar\/index.php\/wp-json\/wp\/v2\/tags?post=3578"}],"curies":[{"name":"wp","href":"https:\/\/api.w.org\/{rel}","templated":true}]}}