{"id":35830,"date":"2021-12-02T00:00:40","date_gmt":"2021-12-02T03:00:40","guid":{"rendered":"https:\/\/vocesdebaires.com.ar\/?p=35830"},"modified":"2021-12-01T19:11:32","modified_gmt":"2021-12-01T22:11:32","slug":"el-ministro-de-seguridad-sergio-bernirecorrio-la-cuarta-seccion","status":"publish","type":"post","link":"https:\/\/vocesdebaires.com.ar\/index.php\/2021\/12\/02\/el-ministro-de-seguridad-sergio-bernirecorrio-la-cuarta-seccion\/","title":{"rendered":"El Ministro de Seguridad Sergio Berni,recorri\u00f2 la Cuarta Secci\u00f3n"},"content":{"rendered":"<p>Sergio Berni, realiz\u00f3 una recorrida por la Cuarta Secci\u00f3n y particip\u00f3 de la presentaci\u00f3n de un total de 14 nuevos patrulleros que se incorporan a la fuerza policial; los mismos ser\u00e1n destinados a la Patrulla Rural y se encuentran enmarcados dentro del Plan Integral de Seguridad para reforzar la lucha contra la delincuencia. Berni visit\u00f3 General Arenales (2), Jun\u00edn (3), Chacabuco (3), Chivilcoy (3), Trenque Lauquen (3). Del acto participaron Intendentes locales y funcionarios municipales.<\/p>\n<p>El funcionario bonaerense manifest\u00f3 que \u00abestamos en un plan de fortalecimiento de la seguridad rural, dando respuestas a las demanda de los sectores agropecuarios. Hemos creado a partir de ella la especialidad de Polic\u00eda Rural y hemos creado una escuela de Polic\u00eda Rural, hablando con las entidades para que sean ellos quienes elijan a los hombres y mujeres que tienen esa vocaci\u00f3n de llevar adelante esta tarea\u00bb.<\/p>\n<p>\u00abLa seguridad rural estuvo bastante postergada y por eso el gobierno de Axel Kicillof decidi\u00f3 este cambio de paradigma en el tema y el a\u00f1o que viene estaremos aqu\u00ed inaugurando un proceso de seguridad rural in\u00e9dito en Am\u00e9rica Latina y que va a cambiar la historia de la seguridad rural ya que entendi\u00f3 que \u00e9sta era una prioridad para la Provincia\u00bb, afirm\u00f3. Adem\u00e1s, Sergio Berni, destac\u00f3 que \u00aben marzo se incorporaron 1300 efectivos a la Escuela Rural de Olavarr\u00eda y egresar\u00e1n como polic\u00edas en abril del 2022, eso ser\u00e1 un refuerzo del 100% del personal con las herramientas de trabajo, patrulleros y motos para as\u00ed garantizar la seguridad a quienes son parte de la vida econ\u00f3mica de la Provincia\u00bb.<\/p>\n<p>Para finalizar, Berni, agradeci\u00f3 el compromiso de cada uno de los intendentes e hizo referencia sobre los hechos de violencia que conmocionan a la sociedad y expres\u00f3 que \u00absi bien hay un delito de por medio pone en evidencia la crisis de formaci\u00f3n, cultural y de educaci\u00f3n, esto nada tiene que ver con la presencia o no policial, y aseguro que la seguridad no es un concepto abstracto sino un concepto din\u00e1mico, multidisciplinario en donde la polic\u00eda es un eslab\u00f3n de la responsabilidad pero no hace al 100 por ciento\u00bb.<\/p>\n","protected":false},"excerpt":{"rendered":"<p>Sergio Berni, realiz\u00f3 una recorrida por la Cuarta Secci\u00f3n y particip\u00f3 de la presentaci\u00f3n de un total de 14 nuevos patrulleros que se incorporan a la fuerza policial; los mismos ser\u00e1n destinados a la Patrulla Rural y se encuentran enmarcados dentro del Plan Integral de Seguridad para reforzar la lucha contra la delincuencia. Berni visit\u00f3 [&hellip;]<\/p>\n","protected":false},"author":3,"featured_media":35831,"comment_status":"open","ping_status":"open","sticky":false,"template":"","format":"standard","meta":{"_et_pb_use_builder":"","_et_pb_old_content":"","_et_gb_content_width":"","footnotes":""},"categories":[34,13],"tags":[],"class_list":["post-35830","post","type-post","status-publish","format-standard","has-post-thumbnail","hentry","category-politica","category-provincia"],"_links":{"self":[{"href":"https:\/\/vocesdebaires.com.ar\/index.php\/wp-json\/wp\/v2\/posts\/35830"}],"collection":[{"href":"https:\/\/vocesdebaires.com.ar\/index.php\/wp-json\/wp\/v2\/posts"}],"about":[{"href":"https:\/\/vocesdebaires.com.ar\/index.php\/wp-json\/wp\/v2\/types\/post"}],"author":[{"embeddable":true,"href":"https:\/\/vocesdebaires.com.ar\/index.php\/wp-json\/wp\/v2\/users\/3"}],"replies":[{"embeddable":true,"href":"https:\/\/vocesdebaires.com.ar\/index.php\/wp-json\/wp\/v2\/comments?post=35830"}],"version-history":[{"count":1,"href":"https:\/\/vocesdebaires.com.ar\/index.php\/wp-json\/wp\/v2\/posts\/35830\/revisions"}],"predecessor-version":[{"id":35832,"href":"https:\/\/vocesdebaires.com.ar\/index.php\/wp-json\/wp\/v2\/posts\/35830\/revisions\/35832"}],"wp:featuredmedia":[{"embeddable":true,"href":"https:\/\/vocesdebaires.com.ar\/index.php\/wp-json\/wp\/v2\/media\/35831"}],"wp:attachment":[{"href":"https:\/\/vocesdebaires.com.ar\/index.php\/wp-json\/wp\/v2\/media?parent=35830"}],"wp:term":[{"taxonomy":"category","embeddable":true,"href":"https:\/\/vocesdebaires.com.ar\/index.php\/wp-json\/wp\/v2\/categories?post=35830"},{"taxonomy":"post_tag","embeddable":true,"href":"https:\/\/vocesdebaires.com.ar\/index.php\/wp-json\/wp\/v2\/tags?post=35830"}],"curies":[{"name":"wp","href":"https:\/\/api.w.org\/{rel}","templated":true}]}}