{"id":3591,"date":"2019-07-10T03:00:00","date_gmt":"2019-07-10T06:00:00","guid":{"rendered":"http:\/\/vocesdebaires.com.ar\/wordpress\/index.php\/2019\/07\/10\/vacacionesse-lanzo-el-programa-de-actividades\/"},"modified":"2019-07-10T03:00:00","modified_gmt":"2019-07-10T06:00:00","slug":"vacacionesse-lanzo-el-programa-de-actividades","status":"publish","type":"post","link":"https:\/\/vocesdebaires.com.ar\/index.php\/2019\/07\/10\/vacacionesse-lanzo-el-programa-de-actividades\/","title":{"rendered":"Vacaciones:Se lanz\u00f3 el programa de actividades"},"content":{"rendered":"<p>El jefe de Gobierno porte\u00f1o, Horacio Rodr\u00edguez Larreta, lanz\u00f3 el programa de actividades para las vacaciones de invierno, en el cual los vecinos podr\u00e1n elegir entre 320 propuestas para disfrutar en familia y con amigos desde el 22 de julio al 4 de agosto. &quot;Nuestra intenci\u00f3n es que la cultura llegue a todos los lugares y a todas las edades&quot;, expres\u00f3 Rodr\u00edguez Larreta. Las actividades incluyen espect\u00e1culos infantiles en el Anfiteatro del Parque Centenario, BA Celebra, un concierto abierto del Teatro Col\u00f3n, eventos especiales en el Ecoparque, el Planetario, el Parque Ferroviario y el Parque de la Estaci\u00f3n, nuevos espacios en la Usina del Arte y juegos para chicos y chicas en los cinco museos restaurados de la Ciudad.<\/p>\n<p>El Jefe de Gobierno porte\u00f1o destac\u00f3 &quot;los nuevos espacios culturales por fuera de los lugares tradicionales&quot;, y remarc\u00f3 la importancia de &quot;sacar la cultura a la calle&quot;, adem\u00e1s de &quot;la incorporaci\u00f3n de la programaci\u00f3n para los m\u00e1s chicos&quot;.A su vez, sostuvo que la &quot;apertura de la Usina del Arte ha ido sumando cada vez m\u00e1s p\u00fablicos e intereses&quot;, y explic\u00f3 que la cultura tambi\u00e9n atrae al turismo, que &quot;genera mucho trabajo en los restaurantes, en los hoteles y en el entretenimiento de la Ciudad&quot;. De la actividad tambi\u00e9n particip\u00f3 el ministro de Cultura porte\u00f1o, Enrique Avogadro; la subsecretaria de Gesti\u00f3n Cultural, Viviana Cantoni; la directora del Teatro Col\u00f3n, Mar\u00eda Victoria Alcaraz, y el director general del Complejo Teatral de Buenos Aires, Jorge Telerman.<\/p>\n<p>Por su parte, Avogadro reconoci\u00f3: &quot;Tenemos una programaci\u00f3n muy extensa y para todas las edades&quot;. En esta l\u00ednea dijo que la iniciativa &quot;El Col\u00f3n para beb\u00e9s&quot; fue una muestra &quot;muy interesante del impacto que tiene la cultura en los m\u00e1s chicos&quot;, y manifest\u00f3: &quot;Para los j\u00f3venes hay diferentes espacios, con mucho foco puesto en el Centro Cultural 25 de Mayo y en El Recoleta, donde habr\u00e1 actividades para chicos de 13 a 17 a\u00f1os&quot;.<\/p>\n<p>Adem\u00e1s, el ministro de Cultura indic\u00f3 que tambi\u00e9n habr\u00e1 &quot;30 nuevos espect\u00e1culos infantiles y actividades en 30 plazas porte\u00f1as\u201d. De la misma forma hizo hincapi\u00e9 en la &quot;renovada Calle Corrientes, que ser\u00e1 sin duda un epicentro para estas vacaciones\u201d. \u201cEstamos muy contentos y que quede claro: siempre hay algo que hacer en la Ciudad de Buenos Aires&quot;, complet\u00f3 Avogadro. La Ciudad cuenta con muchas propuestas con distintas tem\u00e1ticas en diferentes espacios como centros culturales, teatros, museos, bibliotecas, sedes comunales, plazas y parques, mercados y estaciones saludables fijas, visitas guiadas y audiogu\u00edas, y escuelas y espacios tradicionales.<\/p>\n<p>De esta forma las familias podr\u00e1n vivir distintas experiencias relacionadas a las siguientes iniciativas y lugares porte\u00f1os: Vamos las Plazas, el programa Como unas Vacaciones, Plazas Activas, Vacaciones en la Escuela, el Planetario, el Museo Bernasconi, el Museo Benito Quinquela Mart\u00edn, la Usina del Arte, el Centro Cultural Recoleta, el Centro Cultural 25 de Mayo, el Teatro Col\u00f3n, Arte en Barrios, Bibliotecas de la Ciudad, los Mercados y Estaciones Saludables y las Visitas Guiadas.<\/p>\n<p>Al mismo tiempo, los Centros Culturales Resurgimiento, Ad\u00e1n Buenos a\u00edres, Del Sur, Juli\u00e1n Centeya, Chacra de los Remedios, Carlos Gardel y Marc\u00f3 del Pont, junto a otros museos y complejos culturales porte\u00f1os, programaron m\u00e1s de 154 actividades entre las cuales hay talleres, espect\u00e1culos de teatro infantil, payasos, comedia musical, magia, cine, circo y danza. En esta nueva edici\u00f3n, tambi\u00e9n se sumar\u00e1n propuestas desde la Secretar\u00eda de Transporte como Deja tus Rueditas, Educaci\u00f3n Vial para Ciclistas y el M\u00f3vil de Educaci\u00f3n Vial. Toda la informaci\u00f3n de las Vacaciones de Invierno podr\u00e1 encontrarse en la p\u00e1gina web de Disfrutemos BA. Adem\u00e1s, los vecinos tambi\u00e9n tendr\u00e1n la posibilidad de comunicarse con el chat de la Ciudad para asesorarse sobre la programaci\u00f3n.<\/p>\n","protected":false},"excerpt":{"rendered":"<p>El jefe de Gobierno porte\u00f1o, Horacio Rodr\u00edguez Larreta, lanz\u00f3 el programa de actividades para las vacaciones de invierno, en el cual los vecinos podr\u00e1n elegir entre 320 propuestas para disfrutar en familia y con amigos desde el 22 de julio al 4 de agosto. &quot;Nuestra intenci\u00f3n es que la cultura llegue a todos los lugares [&hellip;]<\/p>\n","protected":false},"author":1,"featured_media":3592,"comment_status":"open","ping_status":"open","sticky":false,"template":"","format":"standard","meta":{"_et_pb_use_builder":"","_et_pb_old_content":"","_et_gb_content_width":"","footnotes":""},"categories":[11,32],"tags":[],"class_list":["post-3591","post","type-post","status-publish","format-standard","has-post-thumbnail","hentry","category-ciudad","category-comunas"],"_links":{"self":[{"href":"https:\/\/vocesdebaires.com.ar\/index.php\/wp-json\/wp\/v2\/posts\/3591"}],"collection":[{"href":"https:\/\/vocesdebaires.com.ar\/index.php\/wp-json\/wp\/v2\/posts"}],"about":[{"href":"https:\/\/vocesdebaires.com.ar\/index.php\/wp-json\/wp\/v2\/types\/post"}],"author":[{"embeddable":true,"href":"https:\/\/vocesdebaires.com.ar\/index.php\/wp-json\/wp\/v2\/users\/1"}],"replies":[{"embeddable":true,"href":"https:\/\/vocesdebaires.com.ar\/index.php\/wp-json\/wp\/v2\/comments?post=3591"}],"version-history":[{"count":0,"href":"https:\/\/vocesdebaires.com.ar\/index.php\/wp-json\/wp\/v2\/posts\/3591\/revisions"}],"wp:featuredmedia":[{"embeddable":true,"href":"https:\/\/vocesdebaires.com.ar\/index.php\/wp-json\/wp\/v2\/media\/3592"}],"wp:attachment":[{"href":"https:\/\/vocesdebaires.com.ar\/index.php\/wp-json\/wp\/v2\/media?parent=3591"}],"wp:term":[{"taxonomy":"category","embeddable":true,"href":"https:\/\/vocesdebaires.com.ar\/index.php\/wp-json\/wp\/v2\/categories?post=3591"},{"taxonomy":"post_tag","embeddable":true,"href":"https:\/\/vocesdebaires.com.ar\/index.php\/wp-json\/wp\/v2\/tags?post=3591"}],"curies":[{"name":"wp","href":"https:\/\/api.w.org\/{rel}","templated":true}]}}