{"id":3597,"date":"2019-07-10T03:00:00","date_gmt":"2019-07-10T06:00:00","guid":{"rendered":"http:\/\/vocesdebaires.com.ar\/wordpress\/index.php\/2019\/07\/10\/prohiben-la-venta-de-dos-aceites-de-oliva\/"},"modified":"2019-07-10T03:00:00","modified_gmt":"2019-07-10T06:00:00","slug":"prohiben-la-venta-de-dos-aceites-de-oliva","status":"publish","type":"post","link":"https:\/\/vocesdebaires.com.ar\/index.php\/2019\/07\/10\/prohiben-la-venta-de-dos-aceites-de-oliva\/","title":{"rendered":"Proh\u00edben la venta de dos aceites de oliva"},"content":{"rendered":"<p>La venta de dos marcas de aceite de oliva y una de man\u00ed tostado con c\u00e1scara fue prohibida por la Administraci\u00f3n Nacional de Medicamentos, Alimentos y Tecnolog\u00eda M\u00e9dica (ANMAT). Fue a trav\u00e9s de la disposici\u00f3n 5220\/2019. Los aceites son: Aceite de Oliva cl\u00e1sico, extra virgen, Prado del Rey, que no tiene la \u201cautorizaci\u00f3n de producto y de establecimiento, resultando estar falsamente rotulado y ser en consecuencia ilegal&quot;. Y aceite de oliva Los Nobles, por no cumplir con la normativa alimentaria vigente. La Agencia Santafesina de Seguridad Alimentaria (ASSAI) dispuso alerta alimentaria, prohibi\u00f3 la elaboraci\u00f3n, tenencia, fraccionamiento, transporte, comercializaci\u00f3n y exposici\u00f3n del producto y lo consider\u00f3 ilegal \u201cpor estar falsamente rotulado, por carecer de registro de establecimiento importador y de producto&quot;.<\/p>\n<p>Por \u00faltimo, Anmat tambi\u00e9n prohibi\u00f3 la venta del man\u00ed tostado con c\u00e1scara Carmani por no contar con las \u201cautorizaciones de establecimiento y de producto y est\u00e1 falsamente rotulado, resultando ser en consecuencia ilegal&quot;. &quot;Por tratarse de productos que no pueden ser identificados en forma fehaciente y clara como producidos, elaborados y\/o fraccionados en un establecimiento determinado, no podr\u00e1n ser elaborados en ninguna parte del pa\u00eds, ni comercializados ni expendidos en el territorio de la Rep\u00fablica de acuerdo a lo normado por el Art\u00edculo 9\u00b0 de la Ley 18284\u2033, estableci\u00f3 Anmat.<br \/><a><\/a><\/p>\n","protected":false},"excerpt":{"rendered":"<p>La venta de dos marcas de aceite de oliva y una de man\u00ed tostado con c\u00e1scara fue prohibida por la Administraci\u00f3n Nacional de Medicamentos, Alimentos y Tecnolog\u00eda M\u00e9dica (ANMAT). Fue a trav\u00e9s de la disposici\u00f3n 5220\/2019. Los aceites son: Aceite de Oliva cl\u00e1sico, extra virgen, Prado del Rey, que no tiene la \u201cautorizaci\u00f3n de producto [&hellip;]<\/p>\n","protected":false},"author":1,"featured_media":3598,"comment_status":"open","ping_status":"open","sticky":false,"template":"","format":"standard","meta":{"_et_pb_use_builder":"","_et_pb_old_content":"","_et_gb_content_width":"","footnotes":""},"categories":[11,33],"tags":[],"class_list":["post-3597","post","type-post","status-publish","format-standard","has-post-thumbnail","hentry","category-ciudad","category-sociedad-y-cultura-2"],"_links":{"self":[{"href":"https:\/\/vocesdebaires.com.ar\/index.php\/wp-json\/wp\/v2\/posts\/3597"}],"collection":[{"href":"https:\/\/vocesdebaires.com.ar\/index.php\/wp-json\/wp\/v2\/posts"}],"about":[{"href":"https:\/\/vocesdebaires.com.ar\/index.php\/wp-json\/wp\/v2\/types\/post"}],"author":[{"embeddable":true,"href":"https:\/\/vocesdebaires.com.ar\/index.php\/wp-json\/wp\/v2\/users\/1"}],"replies":[{"embeddable":true,"href":"https:\/\/vocesdebaires.com.ar\/index.php\/wp-json\/wp\/v2\/comments?post=3597"}],"version-history":[{"count":0,"href":"https:\/\/vocesdebaires.com.ar\/index.php\/wp-json\/wp\/v2\/posts\/3597\/revisions"}],"wp:featuredmedia":[{"embeddable":true,"href":"https:\/\/vocesdebaires.com.ar\/index.php\/wp-json\/wp\/v2\/media\/3598"}],"wp:attachment":[{"href":"https:\/\/vocesdebaires.com.ar\/index.php\/wp-json\/wp\/v2\/media?parent=3597"}],"wp:term":[{"taxonomy":"category","embeddable":true,"href":"https:\/\/vocesdebaires.com.ar\/index.php\/wp-json\/wp\/v2\/categories?post=3597"},{"taxonomy":"post_tag","embeddable":true,"href":"https:\/\/vocesdebaires.com.ar\/index.php\/wp-json\/wp\/v2\/tags?post=3597"}],"curies":[{"name":"wp","href":"https:\/\/api.w.org\/{rel}","templated":true}]}}