{"id":3605,"date":"2019-07-09T03:00:00","date_gmt":"2019-07-09T06:00:00","guid":{"rendered":"http:\/\/vocesdebaires.com.ar\/wordpress\/index.php\/2019\/07\/09\/palermogran-desfile-militar-terrestre-y-aereo\/"},"modified":"2019-07-09T03:00:00","modified_gmt":"2019-07-09T06:00:00","slug":"palermogran-desfile-militar-terrestre-y-aereo","status":"publish","type":"post","link":"https:\/\/vocesdebaires.com.ar\/index.php\/2019\/07\/09\/palermogran-desfile-militar-terrestre-y-aereo\/","title":{"rendered":"Palermo:Gran desfile militar terrestre y a\u00e9reo"},"content":{"rendered":"<p>Despu\u00e9s del impasse del a\u00f1o pasado, el Gobierno busca revivir la m\u00edstica de los desfiles en la calle. Por eso, el Ministerio de Defensa anunci\u00f3 que para el D\u00eda de la Independencia, para ma\u00f1ana\u00a0 martes 9\u00a0 de julio habr\u00e1 un gran desfile militar terrestre y a\u00e9reo en el barrio de Palermo. Los desfiles de julio de 2016 y mayo de 2017 fueron altamente convocantes. A s\u00f3lo tres meses de las elecciones presidenciales, el Gobierno imagina este martes 9 como un feriado convertido en fiesta popular. Seg\u00fan inform\u00f3 el Ministerio de Defensa, los efectivos que acompa\u00f1ar\u00e1n a las bandas ir\u00e1n a pie, motorizados y montados a caballo, mientras desde el aire, en simult\u00e1neo, seis aeronaves piloteadas por integrantes de la FAA se sumar\u00e1n al festejo.<\/p>\n<p>Si bien nadie confirma ni desmiente la presencia de Mauricio Macri en el mismo, s\u00ed estar\u00e1n el ministro de Defensa Oscar Aguad, y las c\u00fapulas de todas las fuerzas. En el desfile de julio de 2016, por los 200 a\u00f1os de la Independencia, Macri se sum\u00f3 a \u00faltimo momento.Este a\u00f1o habr\u00e1 11 bandas de m\u00fasica con 3.500 efectivos. Los festejos comenzaran a las 12, cuando los m\u00fasicos y efectivos de a pie, acompa\u00f1ados por las aeronaves piloteadas por integrantes de la Fuerza A\u00e9rea Argentina (FAA) inicien su marcha y repertorio musical en por la avenida Del Libertador, entre Salguero y Dorrego, en Palermo. Indicaron que el p\u00fablico podr\u00e1 acercarse a presenciar y participar de la celebraci\u00f3n patria desde las 10, cuando las bandas de m\u00fasica de cada una de las Fuerzas Armadas, de la Polic\u00eda Federal Argentina, de la Gendarmer\u00eda y de la Prefectura Naval comiencen a concentrarse en para luego desfilar.<\/p>\n<p>Los m\u00fasicos ser\u00e1n escoltados por un desfile de tropas del Ej\u00e9rcito, la Armada y la Fuerza A\u00e9rea, acompa\u00f1ados por Veteranos de Guerra de Malvinas y miembros de las Fuerzas de Seguridad. Precisamente fue por la cuesti\u00f3n Malvinas que en el multitudinario acto por el 9 de julio de 2016 se mont\u00f3 una fuerte pol\u00e9mica, en particular desde el kirchnerismo hacia el Gobierno, porque en el desfile apareci\u00f3 el ex carapintada Aldo Rico, quien fue ovacionado.La presencia de quien atent\u00f3 contra la democracia despert\u00f3 la ira de algunos, pero Rico se reivindic\u00f3 all\u00ed diciendo que no necesitaba invitaci\u00f3n de nadie porque hab\u00eda sido un Comando en la operaci\u00f3n militar en las islas de 1982, que desat\u00f3 la guerra con el Reino Unido. Otros sectores, a\u00fan peleados desde los \u201970 con las fuerzas armadas, directamente, las rechazan. En ese momento el Gobierno se despeg\u00f3 de la presencia de Rico.<\/p>\n<p>El desfile de 2017 fue por el 25 de Mayo. Ya m\u00e1s austero, pero igual de convocante. Siempre criticado por algunos sectores. Los desfiles militares en Europa, y en otros pa\u00edses de Am\u00e9rica latina, donde no se cuestionan, han reavivado esa llama en este pa\u00eds.Entre tanto, en 2018 el Mauricio Macri y Aguad decidieron dar de baja el desfile. Por un lado argumentaron cuestiones de falta de presupuesto, lo que efectivamente era un hecho dada la magnitud de la crisis. Adem\u00e1s hab\u00eda una fuerte tensi\u00f3n con las fuerzas debido a los aumentos que hab\u00edan tenido los miembros de Seguridad, en el que quedaban rezagados los militares. El gobierno finalmente lo resolvi\u00f3. Por otro lado, tambi\u00e9n, la fuerza ven\u00eda muy golpeada por la desaparici\u00f3n del submarino ARA San Juan en noviembre de 2017 -luego localizado- con sus 44 tripulantes a bordo<\/p>\n","protected":false},"excerpt":{"rendered":"<p>Despu\u00e9s del impasse del a\u00f1o pasado, el Gobierno busca revivir la m\u00edstica de los desfiles en la calle. Por eso, el Ministerio de Defensa anunci\u00f3 que para el D\u00eda de la Independencia, para ma\u00f1ana\u00a0 martes 9\u00a0 de julio habr\u00e1 un gran desfile militar terrestre y a\u00e9reo en el barrio de Palermo. Los desfiles de julio [&hellip;]<\/p>\n","protected":false},"author":1,"featured_media":3606,"comment_status":"open","ping_status":"open","sticky":false,"template":"","format":"standard","meta":{"_et_pb_use_builder":"","_et_pb_old_content":"","_et_gb_content_width":"","footnotes":""},"categories":[11,32],"tags":[],"class_list":["post-3605","post","type-post","status-publish","format-standard","has-post-thumbnail","hentry","category-ciudad","category-comunas"],"_links":{"self":[{"href":"https:\/\/vocesdebaires.com.ar\/index.php\/wp-json\/wp\/v2\/posts\/3605"}],"collection":[{"href":"https:\/\/vocesdebaires.com.ar\/index.php\/wp-json\/wp\/v2\/posts"}],"about":[{"href":"https:\/\/vocesdebaires.com.ar\/index.php\/wp-json\/wp\/v2\/types\/post"}],"author":[{"embeddable":true,"href":"https:\/\/vocesdebaires.com.ar\/index.php\/wp-json\/wp\/v2\/users\/1"}],"replies":[{"embeddable":true,"href":"https:\/\/vocesdebaires.com.ar\/index.php\/wp-json\/wp\/v2\/comments?post=3605"}],"version-history":[{"count":0,"href":"https:\/\/vocesdebaires.com.ar\/index.php\/wp-json\/wp\/v2\/posts\/3605\/revisions"}],"wp:featuredmedia":[{"embeddable":true,"href":"https:\/\/vocesdebaires.com.ar\/index.php\/wp-json\/wp\/v2\/media\/3606"}],"wp:attachment":[{"href":"https:\/\/vocesdebaires.com.ar\/index.php\/wp-json\/wp\/v2\/media?parent=3605"}],"wp:term":[{"taxonomy":"category","embeddable":true,"href":"https:\/\/vocesdebaires.com.ar\/index.php\/wp-json\/wp\/v2\/categories?post=3605"},{"taxonomy":"post_tag","embeddable":true,"href":"https:\/\/vocesdebaires.com.ar\/index.php\/wp-json\/wp\/v2\/tags?post=3605"}],"curies":[{"name":"wp","href":"https:\/\/api.w.org\/{rel}","templated":true}]}}