{"id":3631,"date":"2019-07-05T03:00:00","date_gmt":"2019-07-05T06:00:00","guid":{"rendered":"http:\/\/vocesdebaires.com.ar\/wordpress\/index.php\/2019\/07\/05\/carcel-caseros-aprueban-financiamiento-para-obras\/"},"modified":"2019-07-05T03:00:00","modified_gmt":"2019-07-05T06:00:00","slug":"carcel-caseros-aprueban-financiamiento-para-obras","status":"publish","type":"post","link":"https:\/\/vocesdebaires.com.ar\/index.php\/2019\/07\/05\/carcel-caseros-aprueban-financiamiento-para-obras\/","title":{"rendered":"C\u00e1rcel Caseros: Aprueban financiamiento para obras"},"content":{"rendered":"<p>El Cuerpo Parlamentario aprob\u00f3\u00a0 ayer una autorizaci\u00f3n al Poder Ejecutivo, a trav\u00e9s del Ministerio de Econom\u00eda y Finanzas, para contraer uno o m\u00e1s empr\u00e9stitos p\u00fablicos con el Fondo Fiduciario Federal de Infraestructura Regional -FFFIR-, Bancos de Desarrollo, Organismos Multilaterales de Cr\u00e9dito, Instituciones Financieras de Fomento de las Exportaciones, Instituciones Financieras Bilaterales de Desarrollo o cualquier otra instituci\u00f3n financiera local o internacional; o a emitir t\u00edtulos de deuda p\u00fablica en el marco del Programa de Financiamiento en el Mercado Local.Estas operaciones tendr\u00e1n un plazo m\u00ednimo de amortizaci\u00f3n de un a\u00f1o, y un monto m\u00e1ximo total de hasta\u00a0 72 millones de d\u00f3lares o su equivalente en pesos, otra u otras monedas.<\/p>\n<p>El destino de las operaciones de cr\u00e9dito p\u00fablico ser\u00e1 el desarrollo de un edificio gubernamental mediante la refuncionalizaci\u00f3n, ampliaci\u00f3n, construcci\u00f3n y puesta en valor del predio en el que funcionaba la ex c\u00e1rcel de Caseros (barrio Parque Patricios) y el financiamiento del plan de relocalizaciones. Las obras se llevar\u00e1n a cabo en la manzana comprendida entre las calles Pichincha, Pasco, Caseros y futura prolongaci\u00f3n de la calle Rondeau. Adem\u00e1s se autoriz\u00f3 al Poder Ejecutivo, a trav\u00e9s del Ministerio de Econom\u00eda y Finanzas, a ampliar el Programa de Financiamiento en el Mercado Local, regulado por la Ley N\u00b0 4.315, sus modificatorias y complementarias. Las ampliaciones correspondientes ser\u00e1n tambi\u00e9n por un importe total de hasta 72 millones de d\u00f3lares o pesos.<\/p>\n<p>&quot;Este proyecto atiende al objetivo de desarrollo de zonas postergadas de la Ciudad. A trav\u00e9s del mismo se procura revitalizar el \u00e1rea, al mismo tiempo que ayuda a descongestionar la zona c\u00e9ntrica de la Ciudad y eficientizar la gesti\u00f3n edilicia, como el funcionamiento de los organismos de gobierno. Conforme al Plan de Relocalizaciones, las acciones se orientan hacia la centralizaci\u00f3n administrativa del gobierno, que comprende el dise\u00f1o de las oficinas y apoyos complementarios, el equipamiento, la mudanza y los lineamientos de operaci\u00f3n y mantenimiento del inmueble&quot;, seg\u00fan sostienen los fundamentos de la iniciativa presentada por el Jefe de Gobierno, Horacio Rodr\u00edguez Larreta.<\/p>\n<p>La presidente de la Comisi\u00f3n de Presupuesto, legisladora Paula Villalba (VJ), fue la miembro informante del tema y tras explicar los principales puntos del proyecto asegur\u00f3 que &quot;la obra es sin\u00f3nimo de esperanza y una vida mejor para esta generaci\u00f3n y las futuras&quot;. En el Recinto de Sesiones los bloques opositores expres\u00f3 su opini\u00f3n negativa frente al proyecto y todos coincidieron en que la iniciativa producir\u00e1 un endeudamiento excesivo e innecesario y que el gobierno deber\u00eda priorizar otras \u00e1reas como salud y educaci\u00f3n. La votaci\u00f3n result\u00f3 con 35 votos positivos, 13 negativos de la izquierda, Unidad Ciudadana y Bloque Peronista, y 5 abstenciones de Evoluci\u00f3n.<\/p>\n<p>Otorgan a ONGs uso de predios<br \/>A partir de despachos elevados al Pleno por la Comisi\u00f3n de Presupuesto mediante la sanci\u00f3n de dos leyes se otorg\u00f3 a ONGs el uso a t\u00edtulo precario y gratuito de predios. A la Fundaci\u00f3n PRISMA el ubicado en Humberto 1\u00b0 N\u00b01584\/1586 -por impulso del legislador Eduardo Petrini (VJ) entre otros; y a la Asociaci\u00f3n Civil Guarder\u00eda Comunitaria &quot;Leandro N. Alem&quot; el situado en Carlos Calvo 1218 mediante una presentaci\u00f3n del\u00a0 legislador\u00a0 Sergio Abrevaya (Gen). Las sanciones fueron en segunda lectura con m\u00e1s de 40 votos como lo exige el art\u00edculo 82 inciso 5 de la Carta Magna local.<\/p>\n","protected":false},"excerpt":{"rendered":"<p>El Cuerpo Parlamentario aprob\u00f3\u00a0 ayer una autorizaci\u00f3n al Poder Ejecutivo, a trav\u00e9s del Ministerio de Econom\u00eda y Finanzas, para contraer uno o m\u00e1s empr\u00e9stitos p\u00fablicos con el Fondo Fiduciario Federal de Infraestructura Regional -FFFIR-, Bancos de Desarrollo, Organismos Multilaterales de Cr\u00e9dito, Instituciones Financieras de Fomento de las Exportaciones, Instituciones Financieras Bilaterales de Desarrollo o cualquier [&hellip;]<\/p>\n","protected":false},"author":1,"featured_media":3632,"comment_status":"open","ping_status":"open","sticky":false,"template":"","format":"standard","meta":{"_et_pb_use_builder":"","_et_pb_old_content":"","_et_gb_content_width":"","footnotes":""},"categories":[11,32],"tags":[],"class_list":["post-3631","post","type-post","status-publish","format-standard","has-post-thumbnail","hentry","category-ciudad","category-comunas"],"_links":{"self":[{"href":"https:\/\/vocesdebaires.com.ar\/index.php\/wp-json\/wp\/v2\/posts\/3631"}],"collection":[{"href":"https:\/\/vocesdebaires.com.ar\/index.php\/wp-json\/wp\/v2\/posts"}],"about":[{"href":"https:\/\/vocesdebaires.com.ar\/index.php\/wp-json\/wp\/v2\/types\/post"}],"author":[{"embeddable":true,"href":"https:\/\/vocesdebaires.com.ar\/index.php\/wp-json\/wp\/v2\/users\/1"}],"replies":[{"embeddable":true,"href":"https:\/\/vocesdebaires.com.ar\/index.php\/wp-json\/wp\/v2\/comments?post=3631"}],"version-history":[{"count":0,"href":"https:\/\/vocesdebaires.com.ar\/index.php\/wp-json\/wp\/v2\/posts\/3631\/revisions"}],"wp:featuredmedia":[{"embeddable":true,"href":"https:\/\/vocesdebaires.com.ar\/index.php\/wp-json\/wp\/v2\/media\/3632"}],"wp:attachment":[{"href":"https:\/\/vocesdebaires.com.ar\/index.php\/wp-json\/wp\/v2\/media?parent=3631"}],"wp:term":[{"taxonomy":"category","embeddable":true,"href":"https:\/\/vocesdebaires.com.ar\/index.php\/wp-json\/wp\/v2\/categories?post=3631"},{"taxonomy":"post_tag","embeddable":true,"href":"https:\/\/vocesdebaires.com.ar\/index.php\/wp-json\/wp\/v2\/tags?post=3631"}],"curies":[{"name":"wp","href":"https:\/\/api.w.org\/{rel}","templated":true}]}}