{"id":3633,"date":"2019-07-05T03:00:00","date_gmt":"2019-07-05T06:00:00","guid":{"rendered":"http:\/\/vocesdebaires.com.ar\/wordpress\/index.php\/2019\/07\/05\/wi-fi-gratis-jubilados-y-centros-comunitarios\/"},"modified":"2019-07-05T03:00:00","modified_gmt":"2019-07-05T06:00:00","slug":"wi-fi-gratis-jubilados-y-centros-comunitarios","status":"publish","type":"post","link":"https:\/\/vocesdebaires.com.ar\/index.php\/2019\/07\/05\/wi-fi-gratis-jubilados-y-centros-comunitarios\/","title":{"rendered":"Wi-Fi gratis: Jubilados y centros comunitarios"},"content":{"rendered":"<p>Por iniciativa de la legisladora\u00a0 Sol M\u00e9ndez y otros legisladores de Vamos Juntos, la Legislatura de la Ciudad de Buenos Aires aprob\u00f3 por unanimidad una ley que dispone proveer en forma gratuita el servicio de conexi\u00f3n inal\u00e1mbrica a internet en todos los centros de jubilados y pensionados, as\u00ed como en dem\u00e1s locales inscriptos en el Registro de Organizaciones de Acci\u00f3n Comunitaria (ROAC).<br \/>Tambi\u00e9n se incluye en el beneficio &quot;a todos los Centros de D\u00eda que promueven el cuidado, la autonom\u00eda y el envejecimiento activo de los adultos mayores&quot;.<\/p>\n<p>La propia ley fundamenta los objetivos en su art\u00edculo segundo: promover el acceso gratuito a la tecnolog\u00eda inform\u00e1tica y comunicacional; reducir la brecha digital; garantizar el uso de la tecnolog\u00eda; estimular el uso de la tecnolog\u00eda para el desarrollo personal. La autoridad de aplicaci\u00f3n ser\u00e1 la Secretar\u00eda de Integraci\u00f3n Social para Personas Mayores, que se har\u00e1 cargo de la instalaci\u00f3n, mantenimiento, operaci\u00f3n, configuraci\u00f3n y monitoreo de los equipos. El servicio deber\u00e1 ser solicitado por cada una de las asociaciones. La legisladora Silvia Gottero (BP) adhiri\u00f3 con su voto positivo pero pidi\u00f3 la palabra para reclamar una soluci\u00f3n para los clubes y asociaciones barriales que no pueden pagar las tarifas de luz por sus descomunales montos. &quot;Si se van a quedar sin luz, tampoco van a tener Wi-Fi&quot;, grafic\u00f3.<\/p>\n","protected":false},"excerpt":{"rendered":"<p>Por iniciativa de la legisladora\u00a0 Sol M\u00e9ndez y otros legisladores de Vamos Juntos, la Legislatura de la Ciudad de Buenos Aires aprob\u00f3 por unanimidad una ley que dispone proveer en forma gratuita el servicio de conexi\u00f3n inal\u00e1mbrica a internet en todos los centros de jubilados y pensionados, as\u00ed como en dem\u00e1s locales inscriptos en el [&hellip;]<\/p>\n","protected":false},"author":1,"featured_media":3634,"comment_status":"open","ping_status":"open","sticky":false,"template":"","format":"standard","meta":{"_et_pb_use_builder":"","_et_pb_old_content":"","_et_gb_content_width":"","footnotes":""},"categories":[11,32],"tags":[],"class_list":["post-3633","post","type-post","status-publish","format-standard","has-post-thumbnail","hentry","category-ciudad","category-comunas"],"_links":{"self":[{"href":"https:\/\/vocesdebaires.com.ar\/index.php\/wp-json\/wp\/v2\/posts\/3633"}],"collection":[{"href":"https:\/\/vocesdebaires.com.ar\/index.php\/wp-json\/wp\/v2\/posts"}],"about":[{"href":"https:\/\/vocesdebaires.com.ar\/index.php\/wp-json\/wp\/v2\/types\/post"}],"author":[{"embeddable":true,"href":"https:\/\/vocesdebaires.com.ar\/index.php\/wp-json\/wp\/v2\/users\/1"}],"replies":[{"embeddable":true,"href":"https:\/\/vocesdebaires.com.ar\/index.php\/wp-json\/wp\/v2\/comments?post=3633"}],"version-history":[{"count":0,"href":"https:\/\/vocesdebaires.com.ar\/index.php\/wp-json\/wp\/v2\/posts\/3633\/revisions"}],"wp:featuredmedia":[{"embeddable":true,"href":"https:\/\/vocesdebaires.com.ar\/index.php\/wp-json\/wp\/v2\/media\/3634"}],"wp:attachment":[{"href":"https:\/\/vocesdebaires.com.ar\/index.php\/wp-json\/wp\/v2\/media?parent=3633"}],"wp:term":[{"taxonomy":"category","embeddable":true,"href":"https:\/\/vocesdebaires.com.ar\/index.php\/wp-json\/wp\/v2\/categories?post=3633"},{"taxonomy":"post_tag","embeddable":true,"href":"https:\/\/vocesdebaires.com.ar\/index.php\/wp-json\/wp\/v2\/tags?post=3633"}],"curies":[{"name":"wp","href":"https:\/\/api.w.org\/{rel}","templated":true}]}}