{"id":3637,"date":"2019-07-05T03:00:00","date_gmt":"2019-07-05T06:00:00","guid":{"rendered":"http:\/\/vocesdebaires.com.ar\/wordpress\/index.php\/2019\/07\/05\/legalizan-traspaso-del-sistema-electrico\/"},"modified":"2019-07-05T03:00:00","modified_gmt":"2019-07-05T06:00:00","slug":"legalizan-traspaso-del-sistema-electrico","status":"publish","type":"post","link":"https:\/\/vocesdebaires.com.ar\/index.php\/2019\/07\/05\/legalizan-traspaso-del-sistema-electrico\/","title":{"rendered":"Legalizan traspaso del sistema el\u00e9ctrico"},"content":{"rendered":"<p>Con la aprobaci\u00f3n de la Legislatura de la Ciudad de Buenos Aires, qued\u00f3 legalmente ratificado ayer\u00a0 el acuerdo por el cual el Estado Nacional est\u00e1 transfiriendo a los gobiernos porte\u00f1o y bonaerense el ejercicio jurisdiccional conjunto de la distribuci\u00f3n del servicio de energ\u00eda el\u00e9ctrica en el \u00c1rea Metropolitana (Capital Federal m\u00e1s Conurbano provincial).El traspaso ya est\u00e1 en marcha desde comienzos de 2019 pero su validez, en la CABA, qued\u00f3 &quot;ad refer\u00e9ndum&quot; de la ratificaci\u00f3n legislativa concretada con el voto mayoritario del bloque oficialista Vamos Juntos y de sus aliados Evoluci\u00f3n, Partido Socialista y Gen. Unidad Ciudadana, Bloque Peronista y los cinco diputados de izquierda se opusieron.<\/p>\n<p>El resultado fue de 41 votos positivos contra 17 negativos.Lo aprobado este jueves en Sesi\u00f3n Ordinaria del parlamento porte\u00f1o fue una resoluci\u00f3n que da el visto bueno al acuerdo tripartito suscripto el 28 de febrero de 2019, entre el Estado Nacional, la Provincia de Buenos Aires y la Ciudad Aut\u00f3noma de Buenos Aires. Seguidamente se sancion\u00f3 una ley de la Ciudad que asigna al Ministerio de Hacienda y Finanzas la responsabilidad de las pol\u00edticas y el control en materia de energ\u00eda el\u00e9ctrica.<\/p>\n<p>Los cambios implican la necesaria creaci\u00f3n de un nuevo ente regulador bipartito (Provincia y Ciudad) para actuar sobre la jurisdicci\u00f3n conjunta de la Capital m\u00e1s el Conurbano (lo que t\u00e9cnicamente se denomina Gran Buenos Aires o \u00c1rea Metropolitana).El tema lleg\u00f3 para su tratamiento en el recinto con despachos de mayor\u00eda de las comisiones de Relaciones Interjurisdiccionales y de Asuntos Constitucionales. Un despacho de minor\u00eda impulsado por Unidad Ciudadana propon\u00eda el rechazo del Acuerdo. La resoluci\u00f3n votada aprueba en su art\u00edculo primero el &quot;Acuerdo de Transferencia de jurisdicci\u00f3n del servicio p\u00fablico de distribuci\u00f3n de energ\u00eda el\u00e9ctrica a la Provincia de Buenos Aires y a la CABA&quot;. El segundo art\u00edculo de la norma avala el &quot;Acuerdo de Implementaci\u00f3n de la Transferencia&quot;.<\/p>\n<p>Y por el art\u00edculo tercero convalida lo convenido para &quot;el ejercicio conjunto de la jurisdicci\u00f3n sobre el servicio p\u00fablico metropolitano de distribuci\u00f3n de energ\u00eda el\u00e9ctrica&quot;, que incluye el mandato de crear el Ente Metropolitano Regulador del Servicio El\u00e9ctrico (EMSE).A su vez, se sancion\u00f3 en paralelo la ley de la CABA que &quot;adhiere al r\u00e9gimen establecido por las leyes nacionales 15.336 y 24.065, los decretos n\u00fameros 714PEN\/92 y 1398PEN\/92, sus normas modificatorias y complementarias, en todo cuanto resulte aplicable a la regulaci\u00f3n y control del servicio de distribuci\u00f3n de energ\u00eda el\u00e9ctrica prestada en su jurisdicci\u00f3n por las concesionarias Empresa Distribuidora Norte S.A. (EDENOR) y la Empresa Distribuidora Sur S.A. (EDESUR)&quot;.<\/p>\n<p>Esa normativa nacional conforma el r\u00e9gimen de Energ\u00eda El\u00e9ctrica para todo el pa\u00eds, sus leyes y los decretos presidenciales reglamentarios. Adem\u00e1s, se modifica parcialmente la ley de ministerios porte\u00f1a para incluir, entre las atribuciones y responsabilidades del Ministerio de Hacienda y Finanzas, las siguientes: &quot;Entender en la elaboraci\u00f3n y ejecuci\u00f3n de la pol\u00edtica energ\u00e9tica local, su r\u00e9gimen tarifario, investigaci\u00f3n y desarrollo tecnol\u00f3gico. &quot;Actuar como autoridad de aplicaci\u00f3n en materia energ\u00e9tica. &quot;Participar en las negociaciones y modificaciones de los contratos de concesi\u00f3n en materia distribuci\u00f3n y comercializaci\u00f3n de energ\u00eda el\u00e9ctrica&quot;.<\/p>\n<p>Todo esto, seg\u00fan manifest\u00f3 el oficialismo, &quot;representa un avance significativo en el proceso de institucionalizaci\u00f3n comenzado a partir de la reforma constitucional de 1994, que transform\u00f3 radicalmente la naturaleza pol\u00edtica y jur\u00eddica de la Ciudad de Buenos Aires mediante la consagraci\u00f3n de su autonom\u00eda en el art\u00edculo 129&quot;.&quot;En este sentido, poder ejercer la jurisdicci\u00f3n sobre el servicio p\u00fablico de distribuci\u00f3n y comercializaci\u00f3n de energ\u00eda el\u00e9ctrica importa un paso importante hacia la obtenci\u00f3n de resultados m\u00e1s democr\u00e1ticos y participativos al establecer esquemas desconcentrados en los que cada habitante cuente con un control m\u00e1s directo e inmediato sobre los servicios p\u00fablicos que recibe&quot;, se argument\u00f3 en los fundamentos del proyecto.<\/p>\n<p>Algunos preceptos convenidos<br \/>El acuerdo tripartito del 28 de febrero \u00faltimo estipula que los cr\u00e9ditos y deudas anteriores a ese d\u00eda son responsabilidad del Estado Nacional, que asume el &quot;compromiso de solucionar los reclamos pendientes de las concesionarias&quot;. A partir del 1 de enero de 2019, la Ciudad se est\u00e1 haciendo cargo de la tarifa social que se aplica a los usuarios de su jurisdicci\u00f3n. Tambi\u00e9n ejerce la CABA, en adelante, el poder de polic\u00eda sobre el servicio p\u00fablico (a trav\u00e9s del Ministerio de Hacienda y Finanzas y del nuevo Ente Regulador).<\/p>\n<p>Los \u00f3rganos t\u00e9cnicos de cada jurisdicci\u00f3n ya est\u00e1n trabajando en los detalles del traspaso y, a su vez, se dispuso la realizaci\u00f3n de una &quot;auditor\u00eda de corte&quot; entre el ENRE, las concesionarias y los organismos pertinentes de Ciudad y Provincia. Deber\u00e1n &quot;proteger los intereses de los usuarios, respetando los derechos de los concesionarios&quot;, enfatiza una de las cl\u00e1usulas. &quot;Las concesiones continuar\u00e1n rigi\u00e9ndose por los respectivos contratos de concesi\u00f3n y por las normas nacionales -legales y reglamentarias- aplicables a dichos contratos de concesi\u00f3n con anterioridad a la transferencia de la jurisdicci\u00f3n&quot;, explicita el art\u00edculo segundo del Acuerdo para el ejercicio conjunto de la jurisdicci\u00f3n Ciudad &#8211; Provincia.<\/p>\n<p>En el debate parlamentario de ayer jueves, hablaron los legisladores\u00a0 Claudio Romero (VJ), como miembro informante y vicepresidente de la comisi\u00f3n de Relaciones Interjurisdiccionales; Paula Penacca (UC), Santiago Roberto (BP), Gabriel Solano (FIT), Myriam Bregman (PTS), Fernando Vilardo (AyL), Sergio Abrevaya (Gen), Marcelo Depierro (MC), Laura Marrone (IS), Hern\u00e1n Arce (PS) y Juan Nosiglia (Ev). Cerr\u00f3 el debate el presidente de la Comisi\u00f3n de Asuntos Constitucionales, Diego Mar\u00edas (VJ).Los miembros del oficialismo hicieron hincapi\u00e9 en la importancia de ejercer soberan\u00eda aut\u00f3noma por parte de la Ciudad sobre los servicios p\u00fablicos para sus habitantes y marcaron que esta transferencia no significa nuevos costos para la administraci\u00f3n porte\u00f1a.<\/p>\n<p>Sus aliados en la votaci\u00f3n adhirieron a esos conceptos pero plantearon algunas preocupaciones sobre temas regulatorios y respecto de las fuentes laborales del personal del actual ENRE de jurisdicci\u00f3n nacional. Los opositores denunciaron que &quot;se perjudica a los ciudadanos en nombre de la autonom\u00eda&quot;, como dijo la kirchnerista Penacca, quien protest\u00f3 por la falta de participaci\u00f3n legislativa en la toma de decisiones y en la integraci\u00f3n del nuevo ente regulador, donde tampoco se prev\u00e9 la representaci\u00f3n de usuarios. Cuestion\u00f3 tambi\u00e9n supuestos acuerdos con las concesionarias para condonar deudas por multas impagas y lo atribuy\u00f3 a &quot;conflicto de intereses en los funcionarios del gobierno nacional&quot;.<\/p>\n<p>El justicialista Roberto plante\u00f3 similares objeciones y se lament\u00f3 de que &quot;estamos perdiendo una gran oportunidad de mejorar el sistema y corregir las falencias. Los legisladores de bloques de izquierda insistieron en las presuntas prerrogativas acordadas con los prestatarios privados y reclamaron que el servicio sea administrado por los trabajadores y usuarios. En el cierre del debate, el macrista Mar\u00edas replic\u00f3 las cr\u00edticas y aclar\u00f3 que &quot;lo que estamos votando son los textos de los acuerdos, no los titulares o las versiones de alg\u00fan medio&quot;. Sobre tablas, en el final de la sesi\u00f3n y por iniciativa del legislador Arce (PS), los miembros presentes de todos los bloques apoyaron y votaron una declaraci\u00f3n por la cual se solicita incluir la participaci\u00f3n de representantes de las organizaciones de usuarios y consumidores en el nuevo Ente Metropolitano de Servicios El\u00e9ctricos (EMSE).<\/p>\n","protected":false},"excerpt":{"rendered":"<p>Con la aprobaci\u00f3n de la Legislatura de la Ciudad de Buenos Aires, qued\u00f3 legalmente ratificado ayer\u00a0 el acuerdo por el cual el Estado Nacional est\u00e1 transfiriendo a los gobiernos porte\u00f1o y bonaerense el ejercicio jurisdiccional conjunto de la distribuci\u00f3n del servicio de energ\u00eda el\u00e9ctrica en el \u00c1rea Metropolitana (Capital Federal m\u00e1s Conurbano provincial).El traspaso ya [&hellip;]<\/p>\n","protected":false},"author":1,"featured_media":3638,"comment_status":"open","ping_status":"open","sticky":false,"template":"","format":"standard","meta":{"_et_pb_use_builder":"","_et_pb_old_content":"","_et_gb_content_width":"","footnotes":""},"categories":[11,33],"tags":[],"class_list":["post-3637","post","type-post","status-publish","format-standard","has-post-thumbnail","hentry","category-ciudad","category-sociedad-y-cultura-2"],"_links":{"self":[{"href":"https:\/\/vocesdebaires.com.ar\/index.php\/wp-json\/wp\/v2\/posts\/3637"}],"collection":[{"href":"https:\/\/vocesdebaires.com.ar\/index.php\/wp-json\/wp\/v2\/posts"}],"about":[{"href":"https:\/\/vocesdebaires.com.ar\/index.php\/wp-json\/wp\/v2\/types\/post"}],"author":[{"embeddable":true,"href":"https:\/\/vocesdebaires.com.ar\/index.php\/wp-json\/wp\/v2\/users\/1"}],"replies":[{"embeddable":true,"href":"https:\/\/vocesdebaires.com.ar\/index.php\/wp-json\/wp\/v2\/comments?post=3637"}],"version-history":[{"count":0,"href":"https:\/\/vocesdebaires.com.ar\/index.php\/wp-json\/wp\/v2\/posts\/3637\/revisions"}],"wp:featuredmedia":[{"embeddable":true,"href":"https:\/\/vocesdebaires.com.ar\/index.php\/wp-json\/wp\/v2\/media\/3638"}],"wp:attachment":[{"href":"https:\/\/vocesdebaires.com.ar\/index.php\/wp-json\/wp\/v2\/media?parent=3637"}],"wp:term":[{"taxonomy":"category","embeddable":true,"href":"https:\/\/vocesdebaires.com.ar\/index.php\/wp-json\/wp\/v2\/categories?post=3637"},{"taxonomy":"post_tag","embeddable":true,"href":"https:\/\/vocesdebaires.com.ar\/index.php\/wp-json\/wp\/v2\/tags?post=3637"}],"curies":[{"name":"wp","href":"https:\/\/api.w.org\/{rel}","templated":true}]}}