{"id":36431,"date":"2022-01-13T00:00:09","date_gmt":"2022-01-13T03:00:09","guid":{"rendered":"https:\/\/vocesdebaires.com.ar\/?p=36431"},"modified":"2022-01-12T22:38:27","modified_gmt":"2022-01-13T01:38:27","slug":"temperley-bienestar-animal-ambiente-decomiso-dos-monos-de-un-domicilio","status":"publish","type":"post","link":"https:\/\/vocesdebaires.com.ar\/index.php\/2022\/01\/13\/temperley-bienestar-animal-ambiente-decomiso-dos-monos-de-un-domicilio\/","title":{"rendered":"Temperley: Bienestar animal ambiente decomis\u00f3 dos monos de un domicilio"},"content":{"rendered":"<p>La Brigada de Control Ambiental (BCA) del Ministerio de Ambiente y Desarrollo Sostenible, que conduce Juan Cabandi\u00e9, realiz\u00f3 un operativo en un domicilio particular de la localidad bonaerense de Temperley, a ra\u00edz de una denuncia por tenencia ilegal y sospechas de maltrato de dos monos ca\u00ed. Los animales, llamados Chito y Panki, fueron decomisados y luego de su rehabilitaci\u00f3n ser\u00e1n liberados. Ambos monos tienen entre 25 y 30 a\u00f1os de edad. Chito es un ejemplar macho independiente y activo, en tanto Panki es una hembra algo m\u00e1s t\u00edmida.<\/p>\n<p>Los agentes de la Brigada del Ministerio de Ambiente nacional procedieron al decomiso de los animales, por no contar con la documentaci\u00f3n que acreditara el origen y la leg\u00edtima tenencia de los mismos.\u00a0 El operativo se concret\u00f3 ayer, luego de una denuncia recibida por las autoridades, que dio lugar a la intervenci\u00f3n de la BCA de Ambiente Naci\u00f3n, la Direcci\u00f3n de Flora y Fauna del Ministerio de Desarrollo Agrario de la provincia de Buenos Aires y la Polic\u00eda Ecol\u00f3gica bonaerense. Los dos ejemplares de mono ca\u00ed (Sapajus apella) est\u00e1n ahora en rehabilitaci\u00f3n en la Estaci\u00f3n de Cr\u00eda de Animales Silvestres (ECAS). Luego de este per\u00edodo ser\u00e1n liberados en un \u00e1rea de distribuci\u00f3n natural de la especie, en la mesopotamia.<\/p>\n","protected":false},"excerpt":{"rendered":"<p>La Brigada de Control Ambiental (BCA) del Ministerio de Ambiente y Desarrollo Sostenible, que conduce Juan Cabandi\u00e9, realiz\u00f3 un operativo en un domicilio particular de la localidad bonaerense de Temperley, a ra\u00edz de una denuncia por tenencia ilegal y sospechas de maltrato de dos monos ca\u00ed. Los animales, llamados Chito y Panki, fueron decomisados y [&hellip;]<\/p>\n","protected":false},"author":2,"featured_media":36432,"comment_status":"open","ping_status":"open","sticky":false,"template":"","format":"standard","meta":{"_et_pb_use_builder":"","_et_pb_old_content":"","_et_gb_content_width":"","footnotes":""},"categories":[34,13],"tags":[],"class_list":["post-36431","post","type-post","status-publish","format-standard","has-post-thumbnail","hentry","category-politica","category-provincia"],"_links":{"self":[{"href":"https:\/\/vocesdebaires.com.ar\/index.php\/wp-json\/wp\/v2\/posts\/36431"}],"collection":[{"href":"https:\/\/vocesdebaires.com.ar\/index.php\/wp-json\/wp\/v2\/posts"}],"about":[{"href":"https:\/\/vocesdebaires.com.ar\/index.php\/wp-json\/wp\/v2\/types\/post"}],"author":[{"embeddable":true,"href":"https:\/\/vocesdebaires.com.ar\/index.php\/wp-json\/wp\/v2\/users\/2"}],"replies":[{"embeddable":true,"href":"https:\/\/vocesdebaires.com.ar\/index.php\/wp-json\/wp\/v2\/comments?post=36431"}],"version-history":[{"count":1,"href":"https:\/\/vocesdebaires.com.ar\/index.php\/wp-json\/wp\/v2\/posts\/36431\/revisions"}],"predecessor-version":[{"id":36433,"href":"https:\/\/vocesdebaires.com.ar\/index.php\/wp-json\/wp\/v2\/posts\/36431\/revisions\/36433"}],"wp:featuredmedia":[{"embeddable":true,"href":"https:\/\/vocesdebaires.com.ar\/index.php\/wp-json\/wp\/v2\/media\/36432"}],"wp:attachment":[{"href":"https:\/\/vocesdebaires.com.ar\/index.php\/wp-json\/wp\/v2\/media?parent=36431"}],"wp:term":[{"taxonomy":"category","embeddable":true,"href":"https:\/\/vocesdebaires.com.ar\/index.php\/wp-json\/wp\/v2\/categories?post=36431"},{"taxonomy":"post_tag","embeddable":true,"href":"https:\/\/vocesdebaires.com.ar\/index.php\/wp-json\/wp\/v2\/tags?post=36431"}],"curies":[{"name":"wp","href":"https:\/\/api.w.org\/{rel}","templated":true}]}}