{"id":36549,"date":"2022-01-25T00:13:03","date_gmt":"2022-01-25T03:13:03","guid":{"rendered":"https:\/\/vocesdebaires.com.ar\/?p=36549"},"modified":"2022-01-25T00:13:03","modified_gmt":"2022-01-25T03:13:03","slug":"daia-filial-santa-ferepudio-foto-del-intendente-de-sauce-viejo","status":"publish","type":"post","link":"https:\/\/vocesdebaires.com.ar\/index.php\/2022\/01\/25\/daia-filial-santa-ferepudio-foto-del-intendente-de-sauce-viejo\/","title":{"rendered":"DAIA Filial Santa Fe:Repudio foto del Intendente de Sauce Viejo\u00a0\u00a0"},"content":{"rendered":"<p>La DAIA Filial Santa Fe repudi\u00f3 la publicaci\u00f3n en redes sociales de una imagen en la que se caricaturiza al Intendente de la ciudad de Sauce Viejo, Mario Papaleo, emulando a Adolf Hitler. En un comunicado, la filial record\u00f3 que \u00aba escasas horas del D\u00eda Internacional de Conmemoraci\u00f3n de la Memoria de las V\u00edctimas del Holocausto, esta publicaci\u00f3n banaliza la Sho\u00e1, lesionando las instituciones democr\u00e1ticas y la memoria de millones de v\u00edctimas a trav\u00e9s del menosprecio de la tragedia\u00bb. La entidad ratific\u00f3 su \u00abempe\u00f1o y compromiso para la construcci\u00f3n de una sociedad<\/p>\n","protected":false},"excerpt":{"rendered":"<p>La DAIA Filial Santa Fe repudi\u00f3 la publicaci\u00f3n en redes sociales de una imagen en la que se caricaturiza al Intendente de la ciudad de Sauce Viejo, Mario Papaleo, emulando a Adolf Hitler. En un comunicado, la filial record\u00f3 que \u00aba escasas horas del D\u00eda Internacional de Conmemoraci\u00f3n de la Memoria de las V\u00edctimas del [&hellip;]<\/p>\n","protected":false},"author":2,"featured_media":36550,"comment_status":"open","ping_status":"open","sticky":false,"template":"","format":"standard","meta":{"_et_pb_use_builder":"","_et_pb_old_content":"","_et_gb_content_width":"","footnotes":""},"categories":[13,33],"tags":[],"class_list":["post-36549","post","type-post","status-publish","format-standard","has-post-thumbnail","hentry","category-provincia","category-sociedad-y-cultura-2"],"_links":{"self":[{"href":"https:\/\/vocesdebaires.com.ar\/index.php\/wp-json\/wp\/v2\/posts\/36549"}],"collection":[{"href":"https:\/\/vocesdebaires.com.ar\/index.php\/wp-json\/wp\/v2\/posts"}],"about":[{"href":"https:\/\/vocesdebaires.com.ar\/index.php\/wp-json\/wp\/v2\/types\/post"}],"author":[{"embeddable":true,"href":"https:\/\/vocesdebaires.com.ar\/index.php\/wp-json\/wp\/v2\/users\/2"}],"replies":[{"embeddable":true,"href":"https:\/\/vocesdebaires.com.ar\/index.php\/wp-json\/wp\/v2\/comments?post=36549"}],"version-history":[{"count":1,"href":"https:\/\/vocesdebaires.com.ar\/index.php\/wp-json\/wp\/v2\/posts\/36549\/revisions"}],"predecessor-version":[{"id":36551,"href":"https:\/\/vocesdebaires.com.ar\/index.php\/wp-json\/wp\/v2\/posts\/36549\/revisions\/36551"}],"wp:featuredmedia":[{"embeddable":true,"href":"https:\/\/vocesdebaires.com.ar\/index.php\/wp-json\/wp\/v2\/media\/36550"}],"wp:attachment":[{"href":"https:\/\/vocesdebaires.com.ar\/index.php\/wp-json\/wp\/v2\/media?parent=36549"}],"wp:term":[{"taxonomy":"category","embeddable":true,"href":"https:\/\/vocesdebaires.com.ar\/index.php\/wp-json\/wp\/v2\/categories?post=36549"},{"taxonomy":"post_tag","embeddable":true,"href":"https:\/\/vocesdebaires.com.ar\/index.php\/wp-json\/wp\/v2\/tags?post=36549"}],"curies":[{"name":"wp","href":"https:\/\/api.w.org\/{rel}","templated":true}]}}