{"id":36555,"date":"2022-01-25T00:31:22","date_gmt":"2022-01-25T03:31:22","guid":{"rendered":"https:\/\/vocesdebaires.com.ar\/?p=36555"},"modified":"2022-01-25T00:38:25","modified_gmt":"2022-01-25T03:38:25","slug":"santilli-y-montenegro-encabezaron-reunion-de-trabajo-con-referentes-de-la-quinta-seccion","status":"publish","type":"post","link":"https:\/\/vocesdebaires.com.ar\/index.php\/2022\/01\/25\/santilli-y-montenegro-encabezaron-reunion-de-trabajo-con-referentes-de-la-quinta-seccion\/","title":{"rendered":"Santilli y Montenegro encabezaron reuni\u00f3n de trabajo  en la costa"},"content":{"rendered":"<p>El pasado viernes el diputado nacional por la provincia de Buenos Aires, Diego Santilli, estuvo en Mar del Plata donde comparti\u00f3 un encuentro junto al intendente Guillermo Montenegro, el senador provincial Alejandro Rabinovich y concejales del PRO de la quinta secci\u00f3n electoral. Durante la jornada realizaron un balance de las acciones llevadas a cabo en el a\u00f1o 2021 y Santilli alent\u00f3 a seguir trabajando en conjunto y de manera articulada entre todos los distritos para seguir consolidando el espacio.<\/p>\n<p>En este encuentro, estuvieron presentes los concejales Agust\u00edn Neme, Fernando Muro, Guillermo Volponi, y Florencia Ranellucci de General Pueyrred\u00f3n; Leandro Angiolini de Ayacucho; Emanuel Karlau y Alejandra Apolonio de Pinamar; Ana Mart\u00ednez, Clarisa Armando y Adri\u00e1n Green de Villa Gesell; Juan Manazonni, Juana Echezarreta y Natalia Chac\u00f3n de Tandil; Joaqu\u00edn S\u00e1nchez Charr\u00f3 y Estela L\u00f3pez de General Alvarado; Pedro Echaves y Soledad Cabezas de Tordillo; Lorena Pretti, Pedro Gerbelli y Graciela Novelino de General Paz; y Sebasti\u00e1n Pinilla, Florencia Pacelle y Sofia Raffo de General Belgrano. Adem\u00e1s asistieron Johanna Panebianco, Sergio Siciliano y Sergio Santana.<\/p>\n","protected":false},"excerpt":{"rendered":"<p>El pasado viernes el diputado nacional por la provincia de Buenos Aires, Diego Santilli, estuvo en Mar del Plata donde comparti\u00f3 un encuentro junto al intendente Guillermo Montenegro, el senador provincial Alejandro Rabinovich y concejales del PRO de la quinta secci\u00f3n electoral. Durante la jornada realizaron un balance de las acciones llevadas a cabo en [&hellip;]<\/p>\n","protected":false},"author":2,"featured_media":36556,"comment_status":"open","ping_status":"open","sticky":false,"template":"","format":"standard","meta":{"_et_pb_use_builder":"","_et_pb_old_content":"","_et_gb_content_width":"","footnotes":""},"categories":[34,13],"tags":[],"class_list":["post-36555","post","type-post","status-publish","format-standard","has-post-thumbnail","hentry","category-politica","category-provincia"],"_links":{"self":[{"href":"https:\/\/vocesdebaires.com.ar\/index.php\/wp-json\/wp\/v2\/posts\/36555"}],"collection":[{"href":"https:\/\/vocesdebaires.com.ar\/index.php\/wp-json\/wp\/v2\/posts"}],"about":[{"href":"https:\/\/vocesdebaires.com.ar\/index.php\/wp-json\/wp\/v2\/types\/post"}],"author":[{"embeddable":true,"href":"https:\/\/vocesdebaires.com.ar\/index.php\/wp-json\/wp\/v2\/users\/2"}],"replies":[{"embeddable":true,"href":"https:\/\/vocesdebaires.com.ar\/index.php\/wp-json\/wp\/v2\/comments?post=36555"}],"version-history":[{"count":2,"href":"https:\/\/vocesdebaires.com.ar\/index.php\/wp-json\/wp\/v2\/posts\/36555\/revisions"}],"predecessor-version":[{"id":36558,"href":"https:\/\/vocesdebaires.com.ar\/index.php\/wp-json\/wp\/v2\/posts\/36555\/revisions\/36558"}],"wp:featuredmedia":[{"embeddable":true,"href":"https:\/\/vocesdebaires.com.ar\/index.php\/wp-json\/wp\/v2\/media\/36556"}],"wp:attachment":[{"href":"https:\/\/vocesdebaires.com.ar\/index.php\/wp-json\/wp\/v2\/media?parent=36555"}],"wp:term":[{"taxonomy":"category","embeddable":true,"href":"https:\/\/vocesdebaires.com.ar\/index.php\/wp-json\/wp\/v2\/categories?post=36555"},{"taxonomy":"post_tag","embeddable":true,"href":"https:\/\/vocesdebaires.com.ar\/index.php\/wp-json\/wp\/v2\/tags?post=36555"}],"curies":[{"name":"wp","href":"https:\/\/api.w.org\/{rel}","templated":true}]}}