{"id":36791,"date":"2022-02-11T00:00:04","date_gmt":"2022-02-11T03:00:04","guid":{"rendered":"https:\/\/vocesdebaires.com.ar\/?p=36791"},"modified":"2022-02-11T00:56:46","modified_gmt":"2022-02-11T03:56:46","slug":"comienza-el-festival-de-las-sierras-2022-en-tandil","status":"publish","type":"post","link":"https:\/\/vocesdebaires.com.ar\/index.php\/2022\/02\/11\/comienza-el-festival-de-las-sierras-2022-en-tandil\/","title":{"rendered":"Comienza el festival de las Sierras 2022 en Tandil"},"content":{"rendered":"<p>Llega a Tandil una nueva edici\u00f3n del Festival de la Sierra que comienza hoy jueves 10 y se extender\u00e1 durante todo el fin de semana hasta el d\u00eda domingo 13. La cita es en el Anfiteatro Municipal Mart\u00edn Fierro y con entrada libre y gratuita iniciar\u00e1 cada d\u00eda a las 20:30 horas. Durante los cuatro d\u00edas habr\u00e1 Mercado artesanal con productores regionales, emprendedores, fogones y presentaci\u00f3n de artistas locales y de la regi\u00f3n. Adem\u00e1s de bailes a cargo de diferentes grupos, incluidos los alumnos de la Escuela de Danzas de la Pe\u00f1a El Cielito. Cada noche tendr\u00e1 su estrella.<\/p>\n<p>El d\u00eda 10 se presentar\u00e1 Antonio Tarrag\u00f3 Ross, el viernes 11 La Callejera, el s\u00e1bado 11 Leandro Lole Lobato y el Gato Peters y el domingo 13 estar\u00e1n Benjam\u00edn Labriola y Ambo\u00e9. Por su parte el s\u00e1bado 12 el Municipio de Tandil realizar\u00e1 un homenaje e imposici\u00f3n del nombre Miguel \u00c1ngel Rouaux al escenario del Anfiteatro Municipal. El Festival es una excelente oportunidad para descubrir la ciudad y sus alrededores serranos. Tandil tiene mucho para ofrecer a la hora de la recreaci\u00f3n: desde circuitos guiados, actividades de cuerda, a\u00e9reas, cabalgatas, trekking serrano, pesca, canotaje, mountain bike hasta actividades acu\u00e1ticas.<\/p>\n<p>\u00bfPor qu\u00e9 Tandil?. Porque siempre en el centro de la ciudad hay un bar que lo estar\u00e1 esperando con una picada generosa y una cerveza bien fr\u00eda. Y si desea una cena a la luz de la luna, todo confluye para que as\u00ed sea. A pocos kil\u00f3metros de la Capital y el Conurbano, el paisaje serrano est\u00e1 dispuesto para ser vivido por los visitantes durante todo el a\u00f1o. Aunque la \u00e9poca estival es ideal para reencontrarse con un ambiente natural, a puro relax, pero muy cerca de casa.<\/p>\n","protected":false},"excerpt":{"rendered":"<p>Llega a Tandil una nueva edici\u00f3n del Festival de la Sierra que comienza hoy jueves 10 y se extender\u00e1 durante todo el fin de semana hasta el d\u00eda domingo 13. La cita es en el Anfiteatro Municipal Mart\u00edn Fierro y con entrada libre y gratuita iniciar\u00e1 cada d\u00eda a las 20:30 horas. Durante los cuatro [&hellip;]<\/p>\n","protected":false},"author":2,"featured_media":36792,"comment_status":"open","ping_status":"open","sticky":false,"template":"","format":"standard","meta":{"_et_pb_use_builder":"","_et_pb_old_content":"","_et_gb_content_width":"","footnotes":""},"categories":[34,13],"tags":[],"class_list":["post-36791","post","type-post","status-publish","format-standard","has-post-thumbnail","hentry","category-politica","category-provincia"],"_links":{"self":[{"href":"https:\/\/vocesdebaires.com.ar\/index.php\/wp-json\/wp\/v2\/posts\/36791"}],"collection":[{"href":"https:\/\/vocesdebaires.com.ar\/index.php\/wp-json\/wp\/v2\/posts"}],"about":[{"href":"https:\/\/vocesdebaires.com.ar\/index.php\/wp-json\/wp\/v2\/types\/post"}],"author":[{"embeddable":true,"href":"https:\/\/vocesdebaires.com.ar\/index.php\/wp-json\/wp\/v2\/users\/2"}],"replies":[{"embeddable":true,"href":"https:\/\/vocesdebaires.com.ar\/index.php\/wp-json\/wp\/v2\/comments?post=36791"}],"version-history":[{"count":1,"href":"https:\/\/vocesdebaires.com.ar\/index.php\/wp-json\/wp\/v2\/posts\/36791\/revisions"}],"predecessor-version":[{"id":36793,"href":"https:\/\/vocesdebaires.com.ar\/index.php\/wp-json\/wp\/v2\/posts\/36791\/revisions\/36793"}],"wp:featuredmedia":[{"embeddable":true,"href":"https:\/\/vocesdebaires.com.ar\/index.php\/wp-json\/wp\/v2\/media\/36792"}],"wp:attachment":[{"href":"https:\/\/vocesdebaires.com.ar\/index.php\/wp-json\/wp\/v2\/media?parent=36791"}],"wp:term":[{"taxonomy":"category","embeddable":true,"href":"https:\/\/vocesdebaires.com.ar\/index.php\/wp-json\/wp\/v2\/categories?post=36791"},{"taxonomy":"post_tag","embeddable":true,"href":"https:\/\/vocesdebaires.com.ar\/index.php\/wp-json\/wp\/v2\/tags?post=36791"}],"curies":[{"name":"wp","href":"https:\/\/api.w.org\/{rel}","templated":true}]}}