{"id":36953,"date":"2022-02-22T01:12:23","date_gmt":"2022-02-22T04:12:23","guid":{"rendered":"https:\/\/vocesdebaires.com.ar\/?p=36953"},"modified":"2022-02-22T01:12:23","modified_gmt":"2022-02-22T04:12:23","slug":"la-daia-local-impulsa-una-campana-solidaria-por-los-incendios","status":"publish","type":"post","link":"https:\/\/vocesdebaires.com.ar\/index.php\/2022\/02\/22\/la-daia-local-impulsa-una-campana-solidaria-por-los-incendios\/","title":{"rendered":"La DAIA local impulsa una campa\u00f1a solidaria por los incendios"},"content":{"rendered":"<p>La DAIA Filial Rosario, la Fundaci\u00f3n Tzedak\u00e1, y la Sociedad Cultural Israelita Scholem Aleijem, iniciaron una campa\u00f1a solidaria en favor de las personas afectadas por los incendios en la provincia de Corrientes. La iniciativa convoca a donar botas, borcegos, zapatos, zapatillas, camisas, remeras, pantalones, gorras, toallas, sombreros, y pa\u00f1uelos que son recibidos en la La Rozada Suites, Mendoza y Pl\u00e1cido Martinez, Ciudad de Corrientes. Las donaciones se reciben las 24 horas del d\u00eda. Los incendios no se calman alrededor de los Esteros del Iber\u00e1. Bomberos, brigadistas de todo el pa\u00eds, campesinos y el Ej\u00e9rcito trabajan para que no se extienda m\u00e1s. Seg\u00fan estimaciones, casi el 10% de la provincia ya fue arrasada por las llamas<\/p>\n","protected":false},"excerpt":{"rendered":"<p>La DAIA Filial Rosario, la Fundaci\u00f3n Tzedak\u00e1, y la Sociedad Cultural Israelita Scholem Aleijem, iniciaron una campa\u00f1a solidaria en favor de las personas afectadas por los incendios en la provincia de Corrientes. La iniciativa convoca a donar botas, borcegos, zapatos, zapatillas, camisas, remeras, pantalones, gorras, toallas, sombreros, y pa\u00f1uelos que son recibidos en la La [&hellip;]<\/p>\n","protected":false},"author":2,"featured_media":36954,"comment_status":"open","ping_status":"open","sticky":false,"template":"","format":"standard","meta":{"_et_pb_use_builder":"","_et_pb_old_content":"","_et_gb_content_width":"","footnotes":""},"categories":[13,33],"tags":[],"class_list":["post-36953","post","type-post","status-publish","format-standard","has-post-thumbnail","hentry","category-provincia","category-sociedad-y-cultura-2"],"_links":{"self":[{"href":"https:\/\/vocesdebaires.com.ar\/index.php\/wp-json\/wp\/v2\/posts\/36953"}],"collection":[{"href":"https:\/\/vocesdebaires.com.ar\/index.php\/wp-json\/wp\/v2\/posts"}],"about":[{"href":"https:\/\/vocesdebaires.com.ar\/index.php\/wp-json\/wp\/v2\/types\/post"}],"author":[{"embeddable":true,"href":"https:\/\/vocesdebaires.com.ar\/index.php\/wp-json\/wp\/v2\/users\/2"}],"replies":[{"embeddable":true,"href":"https:\/\/vocesdebaires.com.ar\/index.php\/wp-json\/wp\/v2\/comments?post=36953"}],"version-history":[{"count":1,"href":"https:\/\/vocesdebaires.com.ar\/index.php\/wp-json\/wp\/v2\/posts\/36953\/revisions"}],"predecessor-version":[{"id":36955,"href":"https:\/\/vocesdebaires.com.ar\/index.php\/wp-json\/wp\/v2\/posts\/36953\/revisions\/36955"}],"wp:featuredmedia":[{"embeddable":true,"href":"https:\/\/vocesdebaires.com.ar\/index.php\/wp-json\/wp\/v2\/media\/36954"}],"wp:attachment":[{"href":"https:\/\/vocesdebaires.com.ar\/index.php\/wp-json\/wp\/v2\/media?parent=36953"}],"wp:term":[{"taxonomy":"category","embeddable":true,"href":"https:\/\/vocesdebaires.com.ar\/index.php\/wp-json\/wp\/v2\/categories?post=36953"},{"taxonomy":"post_tag","embeddable":true,"href":"https:\/\/vocesdebaires.com.ar\/index.php\/wp-json\/wp\/v2\/tags?post=36953"}],"curies":[{"name":"wp","href":"https:\/\/api.w.org\/{rel}","templated":true}]}}