{"id":36956,"date":"2022-02-22T01:16:12","date_gmt":"2022-02-22T04:16:12","guid":{"rendered":"https:\/\/vocesdebaires.com.ar\/?p=36956"},"modified":"2022-02-22T01:17:12","modified_gmt":"2022-02-22T04:17:12","slug":"hospital-especializadoeste-conflicto-vulnera-los-derechos-del-nino","status":"publish","type":"post","link":"https:\/\/vocesdebaires.com.ar\/index.php\/2022\/02\/22\/hospital-especializadoeste-conflicto-vulnera-los-derechos-del-nino\/","title":{"rendered":"Hospital especializado:\u00bbEste conflicto vulnera los derechos del ni\u00f1o\u00bb"},"content":{"rendered":"<p>Los Profesionales del Hospital de Ni\u00f1os se declararon en crisis debido a la falta de resoluci\u00f3n del conflicto \u201canestesia\u201d con el Ministerio de Salud, motivo por el cual los jefes de especialidades quir\u00fargicas piden a las autoridades su intervenci\u00f3n y compromiso para poder resolver este conflicto que afecta a ni\u00f1os de todo el pa\u00eds. El problema no es solo por anestesia sino por falta de instrumentadoras quir\u00fargicas cuyo pedido de nombramiento est\u00e1n en gesti\u00f3n desde la direcci\u00f3n, salas de descarga para los postoperatorios inmediatos. Hoy la instituci\u00f3n pedi\u00e1trica funciona con 200 camas de las 320 que ten\u00eda por falta de personal de enfermer\u00eda.<\/p>\n<p>Desde la Asociaci\u00f3n de Profesionales la Jefa de pediatr\u00eda de dicho nosocomio Dra. Zulma Fern\u00e1ndez dijo \u201cComo pediatras debemos cuidar los derechos del Ni\u00f1o y del ni\u00f1o hospitalizado adem\u00e1s de cuidar la imagen institucional. Este conflicto de muchas aristas a analizar, vulnera los derechos del ni\u00f1o en un Hospital especializado de pediatr\u00eda y de derivaci\u00f3n provincial, a lo cual nos expresamos exigiendo la urgente resoluci\u00f3n de este conflicto.<\/p>\n<p>Todos los especialistas quieren trabajar y volcar su capacitaci\u00f3n y experiencia en pos de la salud de los ni\u00f1os internados, de la provincia y de pa\u00edses lim\u00edtrofes que ingresan para su adecuado tratamiento. Como lo he expresado en su momento, el enfrentar la situaci\u00f3n con la familia de que la cirug\u00eda de su hijo se posterga, genera una situaci\u00f3n de frustraci\u00f3n que muchas veces se traduce en amenazas y violencia hacia el m\u00e9dico tratante de cabecera.\u201d<\/p>\n<p>Por su parte la Doctora Virginia Peruffo, Jefa de Sala 14 de Terapia Intermedia expres\u00f3 con preocupaci\u00f3n que \u201cDebido a que nuestro hospital es pedi\u00e1trico y de alta complejidad pr\u00e1cticamente ninguna especialidad se ve ajena al conflicto con anestesia. La escasez de anestesistas repercute en ni\u00f1os internados ocasionando retrasos en cirug\u00edas, endoscop\u00eda, tratamientos que requieren colocaci\u00f3n de cat\u00e9teres y en ni\u00f1os no internados que retrasan estudios ambulatorios como resonancias que en esta edad requieren anestesias.<\/p>\n<p>Los escasos que se encuentran trabajando se ven sobrecargados y eso compromete la calidad de atenci\u00f3n, siendo un ejemplo de esto la falta de entrevista y evaluaci\u00f3n previa por el profesional que realizar\u00e1 la anestesia en estos pacientes tan complejos y con m\u00faltiples patolog\u00edas. Sentimos que este conflicto est\u00e1 afectando directamente la calidad de atenci\u00f3n y vulnerando el derecho a la salud de nuestros pacientes y es por esto que denunciamos esta problem\u00e1tica.<\/p>\n<p>As\u00ed mismo la relaci\u00f3n con los padres y familiares con las suspensiones y retrasos quir\u00fargicos se ve afectada generando angustia y desconfianza en un momento de suma debilidad, como es tener un hijo enfermo, que en ocasiones genera situaciones de violencia contra los m\u00e9dicos a cargo de su hijo\u201d, concluy\u00f3.De esta manera varios profesionales de la salud, est\u00e1n manifest\u00e1ndose p\u00fablicamente a la espera de una soluci\u00f3n inmediata, teniendo como prioridad los ni\u00f1os de nuestro pa\u00eds. La realidad es que el conflicto principal que abarca a toda el \u00e1rea quir\u00fargica sigue sin resolverse.<\/p>\n<p>El convenio entre la sociedad de anestesia y el Ministerio de Salud, debi\u00f3 haberse firmado el 31 de diciembre 2021, pero no se realiz\u00f3. A pesar de tener los 8 quir\u00f3fanos habilitados para funcionar, al haber tan solo 2 anestesistas por d\u00eda, es muy poco lo que se puede operar, priorizando las cirug\u00edas de urgencia y quedando las cirug\u00edas programadas postergadas. Todos los especialistas quir\u00fargicos coinciden que adem\u00e1s de anestesistas est\u00e1n necesitando t\u00e9cnicos de anestesia, instrumentadoras quir\u00fargicas y salas de descarga para los post operatorios inmediatos.<\/p>\n","protected":false},"excerpt":{"rendered":"<p>Los Profesionales del Hospital de Ni\u00f1os se declararon en crisis debido a la falta de resoluci\u00f3n del conflicto \u201canestesia\u201d con el Ministerio de Salud, motivo por el cual los jefes de especialidades quir\u00fargicas piden a las autoridades su intervenci\u00f3n y compromiso para poder resolver este conflicto que afecta a ni\u00f1os de todo el pa\u00eds. El [&hellip;]<\/p>\n","protected":false},"author":2,"featured_media":36957,"comment_status":"open","ping_status":"open","sticky":false,"template":"","format":"standard","meta":{"_et_pb_use_builder":"","_et_pb_old_content":"","_et_gb_content_width":"","footnotes":""},"categories":[34,13],"tags":[],"class_list":["post-36956","post","type-post","status-publish","format-standard","has-post-thumbnail","hentry","category-politica","category-provincia"],"_links":{"self":[{"href":"https:\/\/vocesdebaires.com.ar\/index.php\/wp-json\/wp\/v2\/posts\/36956"}],"collection":[{"href":"https:\/\/vocesdebaires.com.ar\/index.php\/wp-json\/wp\/v2\/posts"}],"about":[{"href":"https:\/\/vocesdebaires.com.ar\/index.php\/wp-json\/wp\/v2\/types\/post"}],"author":[{"embeddable":true,"href":"https:\/\/vocesdebaires.com.ar\/index.php\/wp-json\/wp\/v2\/users\/2"}],"replies":[{"embeddable":true,"href":"https:\/\/vocesdebaires.com.ar\/index.php\/wp-json\/wp\/v2\/comments?post=36956"}],"version-history":[{"count":1,"href":"https:\/\/vocesdebaires.com.ar\/index.php\/wp-json\/wp\/v2\/posts\/36956\/revisions"}],"predecessor-version":[{"id":36958,"href":"https:\/\/vocesdebaires.com.ar\/index.php\/wp-json\/wp\/v2\/posts\/36956\/revisions\/36958"}],"wp:featuredmedia":[{"embeddable":true,"href":"https:\/\/vocesdebaires.com.ar\/index.php\/wp-json\/wp\/v2\/media\/36957"}],"wp:attachment":[{"href":"https:\/\/vocesdebaires.com.ar\/index.php\/wp-json\/wp\/v2\/media?parent=36956"}],"wp:term":[{"taxonomy":"category","embeddable":true,"href":"https:\/\/vocesdebaires.com.ar\/index.php\/wp-json\/wp\/v2\/categories?post=36956"},{"taxonomy":"post_tag","embeddable":true,"href":"https:\/\/vocesdebaires.com.ar\/index.php\/wp-json\/wp\/v2\/tags?post=36956"}],"curies":[{"name":"wp","href":"https:\/\/api.w.org\/{rel}","templated":true}]}}