{"id":37000,"date":"2022-02-24T00:00:54","date_gmt":"2022-02-24T03:00:54","guid":{"rendered":"https:\/\/vocesdebaires.com.ar\/?p=37000"},"modified":"2022-02-23T23:25:44","modified_gmt":"2022-02-24T02:25:44","slug":"inauguracion-de-la-plaza-araoz-alfaro-una-obra-inclusiva-para-la-comunidad","status":"publish","type":"post","link":"https:\/\/vocesdebaires.com.ar\/index.php\/2022\/02\/24\/inauguracion-de-la-plaza-araoz-alfaro-una-obra-inclusiva-para-la-comunidad\/","title":{"rendered":"Inauguraci\u00f3n de la Plaza Araoz Alfaro: Una obra inclusiva para la comunidad"},"content":{"rendered":"<p>Finalizamos la remodelaci\u00f3n y puesta en valor de la Plaza Araoz Alfaro. El trabajo cooperativo de la econom\u00eda popular mejora la calidad de vida de vecinas y vecinos de Monte Grande.<br \/>\nHoy jueves 24 de febrero a las 11 hs. se realizar\u00e1 el acto de finalizaci\u00f3n de la remodelaci\u00f3n y puesta en valor de la Plaza Araoz Alfaro en Monte Grande. El acto se llevar\u00e1 a cabo sobre la calle M\u00e1ximo Paz al 100 y contar\u00e1 con la presencia de las y los trabajadores y responsables de la Asociaci\u00f3n Civil \u201cServicio a la Cultura Popular\u201d (Ser.Cu.Po) que llevaron adelante la obra, funcionarias y funcionarios locales, provinciales y nacionales.<\/p>\n<p>La tradicional plaza de la Estaci\u00f3n se ver\u00e1 enteramente renovada, con nuevas luminarias, bancos confortables, juegos, senderos seguros y paradas de colectivos totalmente accesibles.La obra respet\u00f3 en su integridad la parquizaci\u00f3n, la arboleda centenaria y flora con la que contaba. Se destaca la tarea de las compa\u00f1eras quienes rompen con prejuicios y estereotipos a la hora de tener un oficio. Es que la colocaci\u00f3n de baldosas, el trabajo de electricidad, la preparaci\u00f3n de materiales y la direcci\u00f3n de la obra estuvieron a cargo de una decena de mujeres de Ser.Cu.Po y el Movimiento Evita &#8211; UTEP, quienes entregan su conocimiento en beneficio de la comunidad. Asimismo las y los responsables aseguran que esta obra mejorar\u00e1 la calidad de vida de miles de personas que transitan por la plaza de la Estaci\u00f3n.<\/p>\n<p>Mediante el \u201cPrograma de Mejoramiento de la Infraestructura Federal para el Desarrollo Sostenible\u201d suscripto entre el Ministerio de Obras P\u00fablicas de la Naci\u00f3n, la Oficina de las Naciones Unidas de Servicios para Proyectos (UNOPS) y la Asociaci\u00f3n Civil Ser.Cu.Po, las y los trabajadores de la econom\u00eda popular ponen en valor el lugar para que todos y todas podamos disfrutar de un espacio verde renovado, a partir del trabajo inclusivo, solidario y con igualdad. Las cooperativas de trabajo tenemos un lugar central en la reconstrucci\u00f3n de la Argentina, generando trabajo y haciendo obras p\u00fablicas para la comunidad, las y los vecinos de Monte Grande podr\u00e1n apreciar y disfrutar de esta tradicional plaza de manera c\u00f3moda y segura.<\/p>\n","protected":false},"excerpt":{"rendered":"<p>Finalizamos la remodelaci\u00f3n y puesta en valor de la Plaza Araoz Alfaro. El trabajo cooperativo de la econom\u00eda popular mejora la calidad de vida de vecinas y vecinos de Monte Grande. Hoy jueves 24 de febrero a las 11 hs. se realizar\u00e1 el acto de finalizaci\u00f3n de la remodelaci\u00f3n y puesta en valor de la [&hellip;]<\/p>\n","protected":false},"author":3,"featured_media":37001,"comment_status":"open","ping_status":"open","sticky":false,"template":"","format":"standard","meta":{"_et_pb_use_builder":"","_et_pb_old_content":"","_et_gb_content_width":"","footnotes":""},"categories":[34,13],"tags":[],"class_list":["post-37000","post","type-post","status-publish","format-standard","has-post-thumbnail","hentry","category-politica","category-provincia"],"_links":{"self":[{"href":"https:\/\/vocesdebaires.com.ar\/index.php\/wp-json\/wp\/v2\/posts\/37000"}],"collection":[{"href":"https:\/\/vocesdebaires.com.ar\/index.php\/wp-json\/wp\/v2\/posts"}],"about":[{"href":"https:\/\/vocesdebaires.com.ar\/index.php\/wp-json\/wp\/v2\/types\/post"}],"author":[{"embeddable":true,"href":"https:\/\/vocesdebaires.com.ar\/index.php\/wp-json\/wp\/v2\/users\/3"}],"replies":[{"embeddable":true,"href":"https:\/\/vocesdebaires.com.ar\/index.php\/wp-json\/wp\/v2\/comments?post=37000"}],"version-history":[{"count":1,"href":"https:\/\/vocesdebaires.com.ar\/index.php\/wp-json\/wp\/v2\/posts\/37000\/revisions"}],"predecessor-version":[{"id":37002,"href":"https:\/\/vocesdebaires.com.ar\/index.php\/wp-json\/wp\/v2\/posts\/37000\/revisions\/37002"}],"wp:featuredmedia":[{"embeddable":true,"href":"https:\/\/vocesdebaires.com.ar\/index.php\/wp-json\/wp\/v2\/media\/37001"}],"wp:attachment":[{"href":"https:\/\/vocesdebaires.com.ar\/index.php\/wp-json\/wp\/v2\/media?parent=37000"}],"wp:term":[{"taxonomy":"category","embeddable":true,"href":"https:\/\/vocesdebaires.com.ar\/index.php\/wp-json\/wp\/v2\/categories?post=37000"},{"taxonomy":"post_tag","embeddable":true,"href":"https:\/\/vocesdebaires.com.ar\/index.php\/wp-json\/wp\/v2\/tags?post=37000"}],"curies":[{"name":"wp","href":"https:\/\/api.w.org\/{rel}","templated":true}]}}