{"id":3725,"date":"2019-09-12T03:00:00","date_gmt":"2019-09-12T06:00:00","guid":{"rendered":"http:\/\/vocesdebaires.com.ar\/wordpress\/index.php\/2019\/09\/12\/amia-homenajeo-victimas-de-los-atentados-11s\/"},"modified":"2019-09-12T03:00:00","modified_gmt":"2019-09-12T06:00:00","slug":"amia-homenajeo-victimas-de-los-atentados-11s","status":"publish","type":"post","link":"https:\/\/vocesdebaires.com.ar\/index.php\/2019\/09\/12\/amia-homenajeo-victimas-de-los-atentados-11s\/","title":{"rendered":"AMIA homenaje\u00f3  v\u00edctimas de los atentados  11S"},"content":{"rendered":"<p>Con una fuerte condena al accionar del terrorismo internacional, se realiz\u00f3 ayer , en la sede de la AMIA, el acto homenaje a las v\u00edctimas de los atentados perpetrados por Al Qaeda en suelo estadounidense el 11 de septiembre de 2001.Luego de encender una vela para honrar la memoria de los ca\u00eddos en los atentados contra las Torres Gemelas y el Pent\u00e1gono, y en todos los actos planificados por el terrorismo, el acto tuvo como oradores principales al embajador de los Estados Unidos en la Argentina, Edward C. Prado, al presidente de AMIA, Ariel Eichbaum, y al Ministro de Relaciones Exteriores y Culto de la Argentina, Jorge Faurie.<\/p>\n<p>\u201cHace 18 a\u00f1os los ataques del 11 de septiembre se robaron cerca de 3 mil vidas inocentes. Si bien el tiempo sigue pasando, la herida nunca sanar\u00e1 por completo&quot;, expres\u00f3 el embajador Edward C. Prado. \u201cNinguna naci\u00f3n es inmune al terrorismo. Quiero destacar a la Argentina por haber reconocido a Al Qaeda y a Hezbollah como lo que son: Terroristas&quot;, agreg\u00f3.\u00a0Ariel Eichbaum, quien agradeci\u00f3 la participaci\u00f3n de todos los presentes en el acto, se refiri\u00f3 a la amenaza global que constituye el terrorismo. \u201cAcostumbrarnos al horror es algo que no nos podemos permitir\u201d, advirti\u00f3.<\/p>\n<p>\u201cVolvemos a hacer un llamado de atenci\u00f3n para que las democracias del mundo extremen sus esfuerzos en la lucha contra el terrorismo y para que todas las personas podamos vivir en sociedades que garanticen la convivencia pac\u00edfica en la diversidad\u201d, remarc\u00f3.Por su parte, Jorge Faurie, sostuvo que \u201cLa Argentina tiene un compromiso contra el terrorismo. Es el compromiso \u00edntimo de todos los argentinos y de todos los pueblos de que tenemos que llevar a la Justicia y condenar con vehemencia total a aquellos que preconizan el terrorismo. Los argentinos estamos con la paz y condenamos la violencia\u201d.<\/p>\n<p>Entre los presentes se encontraban representantes diplom\u00e1ticos de Rusia, Reino Unido, Israel, Alemania, Espa\u00f1a, y Uruguay. Adem\u00e1s de la participaci\u00f3n del Vicecanciller argentino, Gustavo Zlauvinen, el Secretario de Derechos Humanos y Pluralismo Cultural de la Naci\u00f3n, Claudio Avruj, y la subsecretaria Derechos Humanos y Pluralismo Cultural de la ciudad de Buenos Aires, Pamela Malewicz. Tambi\u00e9n asistieron autoridades comunitarias tales como el presidente del Congreso Jud\u00edo Mundial, Adri\u00e1n Werthein, el Director Ejecutivo del Congreso Jud\u00edo Latinoamericano, Claudio Epelman, y el presidente de la Organizaci\u00f3n Sionista Argentina, Sergio Pikholtz, entre otros.<\/p>\n","protected":false},"excerpt":{"rendered":"<p>Con una fuerte condena al accionar del terrorismo internacional, se realiz\u00f3 ayer , en la sede de la AMIA, el acto homenaje a las v\u00edctimas de los atentados perpetrados por Al Qaeda en suelo estadounidense el 11 de septiembre de 2001.Luego de encender una vela para honrar la memoria de los ca\u00eddos en los atentados [&hellip;]<\/p>\n","protected":false},"author":1,"featured_media":3726,"comment_status":"open","ping_status":"open","sticky":false,"template":"","format":"standard","meta":{"_et_pb_use_builder":"","_et_pb_old_content":"","_et_gb_content_width":"","footnotes":""},"categories":[11,33],"tags":[],"class_list":["post-3725","post","type-post","status-publish","format-standard","has-post-thumbnail","hentry","category-ciudad","category-sociedad-y-cultura-2"],"_links":{"self":[{"href":"https:\/\/vocesdebaires.com.ar\/index.php\/wp-json\/wp\/v2\/posts\/3725"}],"collection":[{"href":"https:\/\/vocesdebaires.com.ar\/index.php\/wp-json\/wp\/v2\/posts"}],"about":[{"href":"https:\/\/vocesdebaires.com.ar\/index.php\/wp-json\/wp\/v2\/types\/post"}],"author":[{"embeddable":true,"href":"https:\/\/vocesdebaires.com.ar\/index.php\/wp-json\/wp\/v2\/users\/1"}],"replies":[{"embeddable":true,"href":"https:\/\/vocesdebaires.com.ar\/index.php\/wp-json\/wp\/v2\/comments?post=3725"}],"version-history":[{"count":0,"href":"https:\/\/vocesdebaires.com.ar\/index.php\/wp-json\/wp\/v2\/posts\/3725\/revisions"}],"wp:featuredmedia":[{"embeddable":true,"href":"https:\/\/vocesdebaires.com.ar\/index.php\/wp-json\/wp\/v2\/media\/3726"}],"wp:attachment":[{"href":"https:\/\/vocesdebaires.com.ar\/index.php\/wp-json\/wp\/v2\/media?parent=3725"}],"wp:term":[{"taxonomy":"category","embeddable":true,"href":"https:\/\/vocesdebaires.com.ar\/index.php\/wp-json\/wp\/v2\/categories?post=3725"},{"taxonomy":"post_tag","embeddable":true,"href":"https:\/\/vocesdebaires.com.ar\/index.php\/wp-json\/wp\/v2\/tags?post=3725"}],"curies":[{"name":"wp","href":"https:\/\/api.w.org\/{rel}","templated":true}]}}