{"id":373,"date":"2020-12-29T03:00:00","date_gmt":"2020-12-29T06:00:00","guid":{"rendered":"http:\/\/vocesdebaires.com.ar\/wordpress\/index.php\/2020\/12\/29\/vendia-elementos-robados-por-internet\/"},"modified":"2020-12-29T03:00:00","modified_gmt":"2020-12-29T06:00:00","slug":"vendia-elementos-robados-por-internet","status":"publish","type":"post","link":"https:\/\/vocesdebaires.com.ar\/index.php\/2020\/12\/29\/vendia-elementos-robados-por-internet\/","title":{"rendered":"Vend\u00eda elementos robados por internet"},"content":{"rendered":"<p>Un hombre de 51 a\u00f1os se aperson\u00f3 d\u00edas atr\u00e1s en la Comisar\u00eda Vecinal 12 C de la Polic\u00eda de la Ciudad para radicar la denuncia por el robo de su c\u00e1mara fotogr\u00e1fica de alta gama y de su lente, que se encontraban en el interior de su veh\u00edculo Toyota Corolla que estaba estacionado en la v\u00eda p\u00fablica. En esa oportunidad, el caso bajo la car\u00e1tula de robo qued\u00f3 a cargo de la Fiscal\u00eda Nacional en lo Criminal y Correccional N\u00famero 42, a cargo del doctor Velardez, Secretar\u00eda de la doctora Fabiani. La v\u00edctima dio aviso a sus conocidos sobre lo que le hab\u00eda ocurrido y un amigo lo alert\u00f3 por la publicaci\u00f3n en redes sociales de su c\u00e1mara fotogr\u00e1fica y le facilit\u00f3 el contacto del vendedor.<\/p>\n<p>R\u00e1pidamente, el due\u00f1o del equipo fotogr\u00e1fico se puso en contacto con el personal policial e intervino el Departamento Investigaci\u00f3n Inform\u00e1tica, Divisi\u00f3n Delitos Inform\u00e1ticos Complejos de la Polic\u00eda de la Ciudad, que concret\u00f3 un encuentro con el delincuente para efectivizar la compra de la c\u00e1mara en el shopping Dot Baires, del barrio de Saavedra. Con todos los recaudos de la situaci\u00f3n y para evitar alertar al sospechoso y llevar a cabo la detenci\u00f3n, cuando el sujeto se baj\u00f3 de su moto, tom\u00f3 una mochila negra y se acerc\u00f3 al punto de encuentro, los efectivos porte\u00f1os procedieron a detenerlo. Tras dar aviso al Juzgado Nacional en lo Criminal y Correccional N\u00famero 17, Secretar\u00eda N\u00famero 153, se dispuso el traslado del imputado a la comisar\u00eda correspondiente y el secuestro de la c\u00e1mara con su lente, la moto con la que circulaba y un celular que llevaba.<\/p>\n","protected":false},"excerpt":{"rendered":"<p>Un hombre de 51 a\u00f1os se aperson\u00f3 d\u00edas atr\u00e1s en la Comisar\u00eda Vecinal 12 C de la Polic\u00eda de la Ciudad para radicar la denuncia por el robo de su c\u00e1mara fotogr\u00e1fica de alta gama y de su lente, que se encontraban en el interior de su veh\u00edculo Toyota Corolla que estaba estacionado en la [&hellip;]<\/p>\n","protected":false},"author":1,"featured_media":374,"comment_status":"open","ping_status":"open","sticky":false,"template":"","format":"standard","meta":{"_et_pb_use_builder":"","_et_pb_old_content":"","_et_gb_content_width":"","footnotes":""},"categories":[11,32],"tags":[],"class_list":["post-373","post","type-post","status-publish","format-standard","has-post-thumbnail","hentry","category-ciudad","category-comunas"],"_links":{"self":[{"href":"https:\/\/vocesdebaires.com.ar\/index.php\/wp-json\/wp\/v2\/posts\/373"}],"collection":[{"href":"https:\/\/vocesdebaires.com.ar\/index.php\/wp-json\/wp\/v2\/posts"}],"about":[{"href":"https:\/\/vocesdebaires.com.ar\/index.php\/wp-json\/wp\/v2\/types\/post"}],"author":[{"embeddable":true,"href":"https:\/\/vocesdebaires.com.ar\/index.php\/wp-json\/wp\/v2\/users\/1"}],"replies":[{"embeddable":true,"href":"https:\/\/vocesdebaires.com.ar\/index.php\/wp-json\/wp\/v2\/comments?post=373"}],"version-history":[{"count":0,"href":"https:\/\/vocesdebaires.com.ar\/index.php\/wp-json\/wp\/v2\/posts\/373\/revisions"}],"wp:featuredmedia":[{"embeddable":true,"href":"https:\/\/vocesdebaires.com.ar\/index.php\/wp-json\/wp\/v2\/media\/374"}],"wp:attachment":[{"href":"https:\/\/vocesdebaires.com.ar\/index.php\/wp-json\/wp\/v2\/media?parent=373"}],"wp:term":[{"taxonomy":"category","embeddable":true,"href":"https:\/\/vocesdebaires.com.ar\/index.php\/wp-json\/wp\/v2\/categories?post=373"},{"taxonomy":"post_tag","embeddable":true,"href":"https:\/\/vocesdebaires.com.ar\/index.php\/wp-json\/wp\/v2\/tags?post=373"}],"curies":[{"name":"wp","href":"https:\/\/api.w.org\/{rel}","templated":true}]}}