{"id":3739,"date":"2019-09-11T03:00:00","date_gmt":"2019-09-11T06:00:00","guid":{"rendered":"http:\/\/vocesdebaires.com.ar\/wordpress\/index.php\/2019\/09\/11\/parque-patricios-nuevo-jardin-de-infantes\/"},"modified":"2019-09-11T03:00:00","modified_gmt":"2019-09-11T06:00:00","slug":"parque-patricios-nuevo-jardin-de-infantes","status":"publish","type":"post","link":"https:\/\/vocesdebaires.com.ar\/index.php\/2019\/09\/11\/parque-patricios-nuevo-jardin-de-infantes\/","title":{"rendered":"Parque Patricios: Nuevo Jard\u00edn de Infantes"},"content":{"rendered":"<p>El jefe de Gabinete porte\u00f1o, Felipe Miguel, el ministro de Educaci\u00f3n, Cultura, Ciencia y Tecnolog\u00eda de la Naci\u00f3n, Alejandro Finocchiaro, y la ministra de Educaci\u00f3n e Innovaci\u00f3n de la Ciudad, Soledad Acu\u00f1a, recorrieron este martes el nuevo Jard\u00edn de Infantes Integral N\u00ba16 D.E. 5, una escuela inicial para 170 alumnos de tres a cinco a\u00f1os ubicada en Parque Patricios. Felipe Miguel consider\u00f3 que la apertura de este nuevo establecimiento \u201ces un paso m\u00e1s para darles herramientas a todos los chicos para que desarrollen todo su potencial y para que puedan prepararse para alcanzar los sue\u00f1os que se propongan\u201d.<\/p>\n<p>Asimismo, destac\u00f3 que con su inauguraci\u00f3n se \u201csigue consolidando un nuevo barrio en la Ciudad, que es Estaci\u00f3n Buenos Aires, donde se instalan dos jardines\u201d y adem\u00e1s record\u00f3 que ya se entregaron las primeras escrituras de los departamentos. En tanto, Finocchiaro dijo: \u201cA nosotros nos satisface mucho ver c\u00f3mo en materia educativa la Ciudad ha progresado tanto en los \u00faltimos a\u00f1os. Adem\u00e1s, haber visitado este jard\u00edn con esta metodolog\u00eda tan nueva, y ver a los chicos c\u00f3mo est\u00e1n aprendiendo es una de esas por cosas por las que vale la pena lo que hacemos d\u00eda a d\u00eda\u201d. El funcionario nacional record\u00f3 adem\u00e1s que \u201ceste equipo que hoy est\u00e1 en Ciudad, en Naci\u00f3n, viene trabajando hace much\u00edsimos a\u00f1os\u201d y que \u201ctodos tenemos un proyecto com\u00fan\u201d.<\/p>\n<p>Por su parte, Acu\u00f1a explic\u00f3 que el Jard\u00edn de Infantes Integral N\u00ba 16 se ubica \u201cen un barrio que se est\u00e1 creando, con lo cual es una instituci\u00f3n que nace distinta, no solamente porque tiene un edificio incre\u00edble con espacios flexibles e innovadores, sino tambi\u00e9n porque tenemos un equipo docente a cargo de Sandra, la directora, que est\u00e1 prepar\u00e1ndose para trabajar de manera distinta, porque hoy los chicos aprenden de manera distinta&quot;. &quot;Buscamos todo el tiempo formas de ense\u00f1ar que acompa\u00f1en a los chicos en los desaf\u00edos que van a enfrentar en su futuro\u201d, enfatiz\u00f3 la ministra porte\u00f1a. Este jard\u00edn, junto al N\u00ba17 D.E. 5 forma parte de Estaci\u00f3n Buenos Aires, un complejo de nuevos departamentos ubicado en Su\u00e1rez 3110 que fue construido para que los vecinos cumplan el sue\u00f1o de la casa propia.<\/p>\n<p>El Jard\u00edn N\u00ba16 es una escuela de jornada completa que abri\u00f3 el 9 de agosto, cuenta con dos salas de tres a\u00f1os, dos de cuatro a\u00f1os y dos de cinco. Adem\u00e1s de los 1.348 m2 de superficie descubierta, tiene 818 m2 cubiertos con un SUM y un comedor. Forma parte del plan de 54 nuevas escuelas que se est\u00e1n construyendo en la Ciudad desde 2016 hasta fines de 2019. Una vez que el plan finalice, los vecinos van a contar con un total de 31 escuelas de Nivel Inicial, 12 de Nivel Primario y 9 de Nivel Secundario. El 60% de ellas est\u00e1n ubicadas en la zona sur de la Ciudad. Cuando est\u00e9n todas inauguradas, se van a generar m\u00e1s de 9.000 vacantes para los estudiantes porte\u00f1os.<\/p>\n","protected":false},"excerpt":{"rendered":"<p>El jefe de Gabinete porte\u00f1o, Felipe Miguel, el ministro de Educaci\u00f3n, Cultura, Ciencia y Tecnolog\u00eda de la Naci\u00f3n, Alejandro Finocchiaro, y la ministra de Educaci\u00f3n e Innovaci\u00f3n de la Ciudad, Soledad Acu\u00f1a, recorrieron este martes el nuevo Jard\u00edn de Infantes Integral N\u00ba16 D.E. 5, una escuela inicial para 170 alumnos de tres a cinco a\u00f1os [&hellip;]<\/p>\n","protected":false},"author":1,"featured_media":3740,"comment_status":"open","ping_status":"open","sticky":false,"template":"","format":"standard","meta":{"_et_pb_use_builder":"","_et_pb_old_content":"","_et_gb_content_width":"","footnotes":""},"categories":[11,32],"tags":[],"class_list":["post-3739","post","type-post","status-publish","format-standard","has-post-thumbnail","hentry","category-ciudad","category-comunas"],"_links":{"self":[{"href":"https:\/\/vocesdebaires.com.ar\/index.php\/wp-json\/wp\/v2\/posts\/3739"}],"collection":[{"href":"https:\/\/vocesdebaires.com.ar\/index.php\/wp-json\/wp\/v2\/posts"}],"about":[{"href":"https:\/\/vocesdebaires.com.ar\/index.php\/wp-json\/wp\/v2\/types\/post"}],"author":[{"embeddable":true,"href":"https:\/\/vocesdebaires.com.ar\/index.php\/wp-json\/wp\/v2\/users\/1"}],"replies":[{"embeddable":true,"href":"https:\/\/vocesdebaires.com.ar\/index.php\/wp-json\/wp\/v2\/comments?post=3739"}],"version-history":[{"count":0,"href":"https:\/\/vocesdebaires.com.ar\/index.php\/wp-json\/wp\/v2\/posts\/3739\/revisions"}],"wp:featuredmedia":[{"embeddable":true,"href":"https:\/\/vocesdebaires.com.ar\/index.php\/wp-json\/wp\/v2\/media\/3740"}],"wp:attachment":[{"href":"https:\/\/vocesdebaires.com.ar\/index.php\/wp-json\/wp\/v2\/media?parent=3739"}],"wp:term":[{"taxonomy":"category","embeddable":true,"href":"https:\/\/vocesdebaires.com.ar\/index.php\/wp-json\/wp\/v2\/categories?post=3739"},{"taxonomy":"post_tag","embeddable":true,"href":"https:\/\/vocesdebaires.com.ar\/index.php\/wp-json\/wp\/v2\/tags?post=3739"}],"curies":[{"name":"wp","href":"https:\/\/api.w.org\/{rel}","templated":true}]}}