{"id":375,"date":"2020-12-29T03:00:00","date_gmt":"2020-12-29T06:00:00","guid":{"rendered":"http:\/\/vocesdebaires.com.ar\/wordpress\/index.php\/2020\/12\/29\/ciudad-ya-recibio-la-vacuna-del-gobierno-nacional\/"},"modified":"2020-12-29T03:00:00","modified_gmt":"2020-12-29T06:00:00","slug":"ciudad-ya-recibio-la-vacuna-del-gobierno-nacional","status":"publish","type":"post","link":"https:\/\/vocesdebaires.com.ar\/index.php\/2020\/12\/29\/ciudad-ya-recibio-la-vacuna-del-gobierno-nacional\/","title":{"rendered":"Ciudad ya recibi\u00f3 la vacuna del Gobierno Nacional"},"content":{"rendered":"<p>La Ciudad de Buenos Aires ya recibi\u00f3 del Gobierno Nacional las primeras dosis de la vacuna Sputnik-V contra el COVID-19 que se comenzar\u00e1 a aplicar desde hoy. Alrededor de las 9 un cami\u00f3n proveniente del municipio bonaerense de Avellaneda arrib\u00f3 al dep\u00f3sito ubicado en la calle Sol\u00eds, en Constituci\u00f3n. La log\u00edstica fue planificada con el objetivo de garantizar las temperaturas adecuadas para su conservaci\u00f3n en todo momento. Las vacunas permanecen refrigeradas en el lugar y all\u00ed ser\u00e1n fraccionadas.<\/p>\n<p>A primera hora de hoy martes se har\u00e1 la distribuci\u00f3n en los 17 hospitales del Sistema de Salud P\u00fablico que comenzar\u00e1n a aplicarla al personal de salud de primera l\u00ednea. En ese marco arrancar\u00e1n con los trabajadores de las Unidades de Terapia Intensiva, de las guardias, de los laboratorios que manipulan muestras de COVID-19 y de las ambulancias que trasladan a personas contagiadas. Su distribuci\u00f3n ser\u00e1 proporcional de acuerdo al n\u00famero de personas que deban recibirla en cada instituci\u00f3n.<\/p>\n","protected":false},"excerpt":{"rendered":"<p>La Ciudad de Buenos Aires ya recibi\u00f3 del Gobierno Nacional las primeras dosis de la vacuna Sputnik-V contra el COVID-19 que se comenzar\u00e1 a aplicar desde hoy. Alrededor de las 9 un cami\u00f3n proveniente del municipio bonaerense de Avellaneda arrib\u00f3 al dep\u00f3sito ubicado en la calle Sol\u00eds, en Constituci\u00f3n. La log\u00edstica fue planificada con el [&hellip;]<\/p>\n","protected":false},"author":1,"featured_media":376,"comment_status":"open","ping_status":"open","sticky":false,"template":"","format":"standard","meta":{"_et_pb_use_builder":"","_et_pb_old_content":"","_et_gb_content_width":"","footnotes":""},"categories":[11,33],"tags":[],"class_list":["post-375","post","type-post","status-publish","format-standard","has-post-thumbnail","hentry","category-ciudad","category-sociedad-y-cultura-2"],"_links":{"self":[{"href":"https:\/\/vocesdebaires.com.ar\/index.php\/wp-json\/wp\/v2\/posts\/375"}],"collection":[{"href":"https:\/\/vocesdebaires.com.ar\/index.php\/wp-json\/wp\/v2\/posts"}],"about":[{"href":"https:\/\/vocesdebaires.com.ar\/index.php\/wp-json\/wp\/v2\/types\/post"}],"author":[{"embeddable":true,"href":"https:\/\/vocesdebaires.com.ar\/index.php\/wp-json\/wp\/v2\/users\/1"}],"replies":[{"embeddable":true,"href":"https:\/\/vocesdebaires.com.ar\/index.php\/wp-json\/wp\/v2\/comments?post=375"}],"version-history":[{"count":0,"href":"https:\/\/vocesdebaires.com.ar\/index.php\/wp-json\/wp\/v2\/posts\/375\/revisions"}],"wp:featuredmedia":[{"embeddable":true,"href":"https:\/\/vocesdebaires.com.ar\/index.php\/wp-json\/wp\/v2\/media\/376"}],"wp:attachment":[{"href":"https:\/\/vocesdebaires.com.ar\/index.php\/wp-json\/wp\/v2\/media?parent=375"}],"wp:term":[{"taxonomy":"category","embeddable":true,"href":"https:\/\/vocesdebaires.com.ar\/index.php\/wp-json\/wp\/v2\/categories?post=375"},{"taxonomy":"post_tag","embeddable":true,"href":"https:\/\/vocesdebaires.com.ar\/index.php\/wp-json\/wp\/v2\/tags?post=375"}],"curies":[{"name":"wp","href":"https:\/\/api.w.org\/{rel}","templated":true}]}}