{"id":3751,"date":"2019-09-10T03:00:00","date_gmt":"2019-09-10T06:00:00","guid":{"rendered":"http:\/\/vocesdebaires.com.ar\/wordpress\/index.php\/2019\/09\/10\/ciudad-las-ferias-ofrecen-descuentos-del-50\/"},"modified":"2019-09-10T03:00:00","modified_gmt":"2019-09-10T06:00:00","slug":"ciudad-las-ferias-ofrecen-descuentos-del-50","status":"publish","type":"post","link":"https:\/\/vocesdebaires.com.ar\/index.php\/2019\/09\/10\/ciudad-las-ferias-ofrecen-descuentos-del-50\/","title":{"rendered":"Ciudad: Las ferias ofrecen descuentos del 50%"},"content":{"rendered":"<p>El Ministerio de Ambiente y Espacio P\u00fablico de la Ciudad anuncia que en las 37 Ferias de la Ciudad los vecinos que abonen con tarjetas de cr\u00e9dito y d\u00e9bito emitidas por el Banco Ciudad podr\u00e1n obtener un descuento del 50% en compras en un pago. La promoci\u00f3n aplica a los d\u00edas martes, jueves y s\u00e1bado, y el tope de reintegro es de $500 por transacci\u00f3n.\u201cSeguimos brind\u00e1ndole beneficios a los vecinos que eligen hacer sus compras en las Ferias de la Ciudad.<\/p>\n<p>Cada vez son m\u00e1s los que a la hora de ir a comprar prefieren hacerlo en la feria m\u00e1s cercana a su barrio, donde pueden obtener productos de calidad y a buen precio\u201d, expres\u00f3 Eduardo Macchiavelli ministro de Ambiente y Espacio P\u00fablico porte\u00f1o. El descuento ser\u00e1 aplicado a los vecinos que abonen con tarjetas de cr\u00e9dito Visa, MasterCard y Cabal, o con tarjetas de d\u00e9bito Visa y Maestro; y es v\u00e1lida hasta fin del a\u00f1o corriente.La promoci\u00f3n no se aplica a las compras en cuotas, y solamente es v\u00e1lida para las compras que se hagan \u00fanicamente en las Ferias de la Ciudad.<\/p>\n<p>Ferias de la Ciudad<\/p>\n<p>Las 37 ferias de la Ciudad, distribuidas entre las 15 comunas porte\u00f1as, ofrecen productos con precios concertados. Adem\u00e1s, los vecinos pueden consultar en la aplicaci\u00f3n gratuita \u201cBA Ferias\u201d los productos actualizados con sus valores y las ubicaciones y horarios de cada feria.<\/p>\n<p>Los precios de los productos y los &quot;Bolsones de productos&quot; con alimentos de frutihort\u00edcola, granja y pescader\u00eda se acuerdan cada 15 d\u00edas. Las Ferias abren de martes a domingos de 8 a 14h, y en forma excepcional en otros d\u00edas y horarios. Tanto los precios concertados como los horarios de atenci\u00f3n y ubicaciones son publicadas en la APP BA Ferias y en la web. <br \/> <a href=&quot;http:\/\/www.buenosaires.gob.ar\/espaciopublico\/mantenimiento\/feriasymercados\/precios-acordados&quot;>www.buenosaires.gob.ar\/espaciopublico\/mantenimiento\/feriasymercados\/precios-acordados<\/a><\/p>\n","protected":false},"excerpt":{"rendered":"<p>El Ministerio de Ambiente y Espacio P\u00fablico de la Ciudad anuncia que en las 37 Ferias de la Ciudad los vecinos que abonen con tarjetas de cr\u00e9dito y d\u00e9bito emitidas por el Banco Ciudad podr\u00e1n obtener un descuento del 50% en compras en un pago. La promoci\u00f3n aplica a los d\u00edas martes, jueves y s\u00e1bado, [&hellip;]<\/p>\n","protected":false},"author":1,"featured_media":3752,"comment_status":"open","ping_status":"open","sticky":false,"template":"","format":"standard","meta":{"_et_pb_use_builder":"","_et_pb_old_content":"","_et_gb_content_width":"","footnotes":""},"categories":[11,32],"tags":[],"class_list":["post-3751","post","type-post","status-publish","format-standard","has-post-thumbnail","hentry","category-ciudad","category-comunas"],"_links":{"self":[{"href":"https:\/\/vocesdebaires.com.ar\/index.php\/wp-json\/wp\/v2\/posts\/3751"}],"collection":[{"href":"https:\/\/vocesdebaires.com.ar\/index.php\/wp-json\/wp\/v2\/posts"}],"about":[{"href":"https:\/\/vocesdebaires.com.ar\/index.php\/wp-json\/wp\/v2\/types\/post"}],"author":[{"embeddable":true,"href":"https:\/\/vocesdebaires.com.ar\/index.php\/wp-json\/wp\/v2\/users\/1"}],"replies":[{"embeddable":true,"href":"https:\/\/vocesdebaires.com.ar\/index.php\/wp-json\/wp\/v2\/comments?post=3751"}],"version-history":[{"count":0,"href":"https:\/\/vocesdebaires.com.ar\/index.php\/wp-json\/wp\/v2\/posts\/3751\/revisions"}],"wp:featuredmedia":[{"embeddable":true,"href":"https:\/\/vocesdebaires.com.ar\/index.php\/wp-json\/wp\/v2\/media\/3752"}],"wp:attachment":[{"href":"https:\/\/vocesdebaires.com.ar\/index.php\/wp-json\/wp\/v2\/media?parent=3751"}],"wp:term":[{"taxonomy":"category","embeddable":true,"href":"https:\/\/vocesdebaires.com.ar\/index.php\/wp-json\/wp\/v2\/categories?post=3751"},{"taxonomy":"post_tag","embeddable":true,"href":"https:\/\/vocesdebaires.com.ar\/index.php\/wp-json\/wp\/v2\/tags?post=3751"}],"curies":[{"name":"wp","href":"https:\/\/api.w.org\/{rel}","templated":true}]}}