{"id":3767,"date":"2019-09-09T03:46:34","date_gmt":"2019-09-09T06:46:34","guid":{"rendered":"http:\/\/vocesdebaires.com.ar\/wordpress\/index.php\/2019\/09\/09\/aprobaron-facilidades-fiscales-para-pymes\/"},"modified":"2019-09-09T03:46:34","modified_gmt":"2019-09-09T06:46:34","slug":"aprobaron-facilidades-fiscales-para-pymes","status":"publish","type":"post","link":"https:\/\/vocesdebaires.com.ar\/index.php\/2019\/09\/09\/aprobaron-facilidades-fiscales-para-pymes\/","title":{"rendered":"Aprobaron facilidades fiscales para pymes"},"content":{"rendered":"<p>Los legisladores\u00a0 de la Ciudad de Buenos Aires dieron su aval al plan de beneficios fiscales elaborado por el gobierno de Horacio Rodr\u00edguez Larreta para &quot;atender la situaci\u00f3n de los contribuyentes que han tenido inconvenientes en el cumplimiento de sus obligaciones tributarias&quot;, en especial las pymes y micro emprendedores. Este r\u00e9gimen de excepcionalidad propicia una &quot;condonaci\u00f3n de ciertos tributos de escasa significaci\u00f3n (para el Estado local) pero dif\u00edciles de enfrentar para los contribuyentes en el contexto actual&quot;, como reconocen los considerandos del despacho enviado al recinto por la Comisi\u00f3n de Presupuesto, Hacienda, Administraci\u00f3n Financiera y Pol\u00edtica Tributaria.<\/p>\n<p>La ley sancionada establece un R\u00e9gimen de Regularizaci\u00f3n de Obligaciones Tributarias, con importantes beneficios para peque\u00f1os y medianos contribuyentes (PyMEs o personas humanas), &quot;a fin de salvaguardar su capital de trabajo y coadyuvar a su reactivaci\u00f3n econ\u00f3mica&quot;, se fundament\u00f3 desde el oficialismo.Paula Villalba (VJ), presidenta de la Comisi\u00f3n de Presupuesto, aclar\u00f3 en el recinto que seg\u00fan la normativa de la Ciudad, se considera pymes a las empresas que tributan por impuestos locales hasta un mill\u00f3n de pesos anuales. Podr\u00e1n acogerse a este plan de facilidades los contribuyentes y responsables de los tributos cuya aplicaci\u00f3n, percepci\u00f3n y fiscalizaci\u00f3n se encuentra a cargo de la Administraci\u00f3n Gubernamental de Ingresos P\u00fablicos (AGIP), por las obligaciones vencidas al 31 de julio de 2019. El plazo de\u00a0 acogimiento no podr\u00e1 exceder el d\u00eda 31 de diciembre de 2019.<\/p>\n<p>Habr\u00e1 condonaci\u00f3n de intereses y sanciones, plazos de pagos de hasta 120 cuotas para pymes y personas humanas (seg\u00fan tipo de deuda o rubro de actividad); vencimiento de la primera cuota a los 90 d\u00edas y levantamiento de embargos para quienes regularicen su situaci\u00f3n. Tambi\u00e9n se permite la posibilidad de refinanciar planes caducos, as\u00ed como incluir retenciones y percepciones y culminar con\u00a0 las acciones penales iniciadas, entre otros beneficios. Sobre este punto, los bloques Peronista, Unidad Ciudadana, Gen y Mejor Ciudad se opusieron por considerar impropio e injusto que se le otorguen beneficios a patronales que retuvieron indebidamente y no depositaron montos que son descontados del salario de los trabajadores. Al respecto, explic\u00f3 Villalba que el 97% de las Pymes de la Ciudad cumplieron en tiempo y forma con el dep\u00f3sito de aportes patronales y retenciones a los empleados y el 3% restante se supone que incumpli\u00f3 por problemas financieros o econ\u00f3micos derivado de la crisis coyuntural.<\/p>\n<p>Aclar\u00f3 la legisladora oficialista que a estos contribuyentes no se les condonar\u00e1n los intereses punitorios, como ocurrir\u00e1 con el resto de los beneficiarios.Quedar\u00e1n exentos grav\u00e1menes que inciden sobre el abasto, volquetes, mesas y sillas; plataformas gastron\u00f3micas; calesitas y los grav\u00e1menes sobre quioscos de venta de flores, toldos y parasoles. Tambi\u00e9n se prorroga la eximici\u00f3n del Impuesto de Sellos a la compraventa de ciertos autom\u00f3viles O Km o sin uso, hasta el d\u00eda 31 de diciembre de 2019.Los contribuyentes y\/o responsables podr\u00e1n acogerse al presente r\u00e9gimen en forma total o parcial y en esa medida operar\u00e1n los beneficios consagrados en la misma. Si la deuda se encuentra en gesti\u00f3n judicial, el acogimiento deber\u00e1 ser por el total de la deuda reclamada en cada juicio. Quedan excluidos del beneficio de la presente Ley: &quot;Los declarados en estado de quiebra, respecto de los cuales no se haya dispuesto la continuidad de la explotaci\u00f3n, conforme a lo establecido en las leyes nacionales 24.522 y 25.284;<\/p>\n<p>&quot;Los condenados por alguno de los delitos previstos en las leyes nacionales 23.771 y 24.769 y\/o en el R\u00e9gimen Penal Tributario, respecto de los cuales se haya dictado sentencia firme o exista acuerdo de avenimiento homologado en los t\u00e9rminos del Art\u00edculo 266 del C\u00f3digo Procesal Penal de la Ciudad; &quot;Los condenados por delitos comunes contra la Administraci\u00f3n Central y\/u Organismos Descentralizados y\/o Entidades Aut\u00e1rquicas&quot;. Lo normado hoy aclara que &quot;la adhesi\u00f3n al presente plan de regularizaci\u00f3n importa la suspensi\u00f3n de los plazos procesales en las causas judiciales iniciadas. En el caso de que se produzca la caducidad o nulidad del mismo se reanudar\u00e1n los plazos procesales, tom\u00e1ndose lo pagado a cuenta de la liquidaci\u00f3n final&quot;. Tambi\u00e9n prescribe que &quot;el acogimiento al presente r\u00e9gimen producir\u00e1 la suspensi\u00f3n de las acciones penales en curso y la suspensi\u00f3n de la prescripci\u00f3n penal, siempre y cuando la misma no tuviere sentencia firme y\/o acuerdo de avenimiento homologado&quot;.<\/p>\n<p>La cancelaci\u00f3n total de la deuda en las condiciones previstas en el presente r\u00e9gimen de contado o mediante plan de facilidades de pago producir\u00e1 la extinci\u00f3n de la acci\u00f3n penal. El debate se abri\u00f3 con la argumentaci\u00f3n del miembro informante de la mayor\u00eda, Paula Villalba, quien volvi\u00f3 a hacer uso de la palabra sobre el final para responder cr\u00edticas e inquietudes de los legisladores. Mar\u00eda Rosa Mui\u00f1os (BP) y Sergio Abrevaya (Gen) hab\u00edan presentado un proyecto sobre el m ismo tema el a\u00f1o pasado y protestaron porque el oficialismo no toma en cuenta las iniciativas que no sean oficiales. En t\u00e9rminos similares expuso el legislador Marcelo Depierro (MC), quien plante\u00f3 que &quot;primero deber\u00edamos ayudar a los que cumplen puntualmente sus compromisos tributarios&quot;.<\/p>\n<p>Mui\u00f1os se quej\u00f3 tambi\u00e9n de que el Ejecutivo no hizo ponderaciones de montos o guarismos sobre la incidencia de estas medidas, de manera que luego present\u00f3 un proyecto de resoluci\u00f3n para ser tratado sobre tablas, con pedido de informes a la Jefatura de Gobierno, reclamando especificaciones y n\u00fameros de recaudaciones tributarias. El bloque oficialista dio su apoyo para habilitar el tratamiento (que requer\u00eda dos tercios) y la resoluci\u00f3n feru aprobada a mano alzada. Mariano Recalde (UC), jefe de la principal bancada opositora, manifest\u00f3 que lo que estaba en tratamiento era &quot;no un paquete de alivio fiscal, sino de alivio electoral&quot;, consider\u00f3 que &quot;se trata de medidas de marketiong, no de sensibilidad del gobierno de la Ciudad, que al igual que el nacional, no toma nota de la grave crisis por las pol\u00edticas del macrismo&quot;. Desde los bloques de izquierda,<\/p>\n<p>Gabriel Solano, Laura Marrone (FIT) y Fernando Vilardo (AyL), acentuaron el discurso de confrontaci\u00f3n contra las pol\u00edticas de gobierno.Antes de pasar a votaci\u00f3n, el presidente del bloque Vamos Juntos, Agust\u00edn Forchieri, dijo que &quot;en estos momentos, la gente espera de los dirigentes la mayor prudencia y moderaci\u00f3n. No hay que decir cosas que generen confusi\u00f3n, sino transmitir tranquilidad&quot;. Pidi\u00f3 a los candidatos electorales &quot;no tirar le\u00f1a al fuego&quot; y &quot;actuar con la \u00e9tica de la responsabilidad, no s\u00f3lo con la \u00e9tica de sus convicciones&quot;. &quot;Debemos ser cuidadosos con los recursos que son de los vecinos de la Ciudad; nosotros somos meros administradores&quot;, concluy\u00f3. La ley se sancion\u00f3, en general, con 45 votos positivos de VJ, Ev, BP, Gen y MC, 2 negativos de FIT y 6 abstenciones de UC y AyL. Homologan condonaciones de deuda<\/p>\n<p>El Cuerpo Parlamentario tambi\u00e9n homolog\u00f3 hoy las condonaciones de deudas con el Gobierno de la Ciudad Aut\u00f3noma de Buenos Aires por Grav\u00e1menes Inmobiliarios, Patentes sobre Veh\u00edculos en General y por el Impuesto sobre los Ingresos Brutos otorgadas por el Poder Ejecutivo, en virtud de lo dispuesto en el art\u00edculo 143 del C\u00f3digo Fiscal (T.O. 2019) mediante una ley. El proyecto que benefici\u00f3 a doce vecinos con necesidades especiales fue impulsado por el Jefe de Gobierno, Horacio Rodr\u00edguez Larreta, y despachado al Pleno por la Comisi\u00f3n de Presupuesto, Hacienda, Administraci\u00f3n Financiera y Pol\u00edtica Tributaria que preside la\u00a0 legisladora Paula Villalba (VJ).<\/p>\n","protected":false},"excerpt":{"rendered":"<p>Los legisladores\u00a0 de la Ciudad de Buenos Aires dieron su aval al plan de beneficios fiscales elaborado por el gobierno de Horacio Rodr\u00edguez Larreta para &quot;atender la situaci\u00f3n de los contribuyentes que han tenido inconvenientes en el cumplimiento de sus obligaciones tributarias&quot;, en especial las pymes y micro emprendedores. Este r\u00e9gimen de excepcionalidad propicia una [&hellip;]<\/p>\n","protected":false},"author":1,"featured_media":3768,"comment_status":"open","ping_status":"open","sticky":false,"template":"","format":"standard","meta":{"_et_pb_use_builder":"","_et_pb_old_content":"","_et_gb_content_width":"","footnotes":""},"categories":[11,33],"tags":[],"class_list":["post-3767","post","type-post","status-publish","format-standard","has-post-thumbnail","hentry","category-ciudad","category-sociedad-y-cultura-2"],"_links":{"self":[{"href":"https:\/\/vocesdebaires.com.ar\/index.php\/wp-json\/wp\/v2\/posts\/3767"}],"collection":[{"href":"https:\/\/vocesdebaires.com.ar\/index.php\/wp-json\/wp\/v2\/posts"}],"about":[{"href":"https:\/\/vocesdebaires.com.ar\/index.php\/wp-json\/wp\/v2\/types\/post"}],"author":[{"embeddable":true,"href":"https:\/\/vocesdebaires.com.ar\/index.php\/wp-json\/wp\/v2\/users\/1"}],"replies":[{"embeddable":true,"href":"https:\/\/vocesdebaires.com.ar\/index.php\/wp-json\/wp\/v2\/comments?post=3767"}],"version-history":[{"count":0,"href":"https:\/\/vocesdebaires.com.ar\/index.php\/wp-json\/wp\/v2\/posts\/3767\/revisions"}],"wp:featuredmedia":[{"embeddable":true,"href":"https:\/\/vocesdebaires.com.ar\/index.php\/wp-json\/wp\/v2\/media\/3768"}],"wp:attachment":[{"href":"https:\/\/vocesdebaires.com.ar\/index.php\/wp-json\/wp\/v2\/media?parent=3767"}],"wp:term":[{"taxonomy":"category","embeddable":true,"href":"https:\/\/vocesdebaires.com.ar\/index.php\/wp-json\/wp\/v2\/categories?post=3767"},{"taxonomy":"post_tag","embeddable":true,"href":"https:\/\/vocesdebaires.com.ar\/index.php\/wp-json\/wp\/v2\/tags?post=3767"}],"curies":[{"name":"wp","href":"https:\/\/api.w.org\/{rel}","templated":true}]}}