{"id":3789,"date":"2019-09-06T03:00:00","date_gmt":"2019-09-06T06:00:00","guid":{"rendered":"http:\/\/vocesdebaires.com.ar\/wordpress\/index.php\/2019\/09\/06\/obsba-ordenan-que-provea-aceite-de-cannabis\/"},"modified":"2019-09-06T03:00:00","modified_gmt":"2019-09-06T06:00:00","slug":"obsba-ordenan-que-provea-aceite-de-cannabis","status":"publish","type":"post","link":"https:\/\/vocesdebaires.com.ar\/index.php\/2019\/09\/06\/obsba-ordenan-que-provea-aceite-de-cannabis\/","title":{"rendered":"ObSBA: Ordenan que provea  aceite de cannabis"},"content":{"rendered":"<p>La titular del juzgado N\u00ba4 en lo Contencioso Administrativo y Tributario, Elena Liberatori, hizo lugar a la acci\u00f3n de amparo impulsada por una mam\u00e1 en representaci\u00f3n de su hija, que presenta un cuadro de \u201cepilepsia hemiplejia esp\u00e1stica, otras anomal\u00edas cromos\u00f3micas, no clasificadas en otra parte\u201d; y en consecuencia, orden\u00f3 a la ObSBA que en lo sucesivo proceda a cubrir la totalidad del tratamiento que los m\u00e9dicos indiquen y adem\u00e1s, reintegre a la familia los montos abonados por el medicamento Charlotte\u2019s Everyday Advanced (CBD) (Laboratorio proveedor Stanley Brothers, Aceite  5000mg7100CC), cuyo valor se determinar\u00e1 mediante una liquidaci\u00f3n posterior con respaldo documental de la compra.<\/p>\n<p>Todo ello en el marco de la causa caratulada A., E M contra Obra Social de la Ciudad de Buenos Aires (ObSBA) sobre Amparo\u00a0 Salud\u00a0 Medicamentos y Tratamientos. La demandante indic\u00f3 que la ni\u00f1a se alimenta a trav\u00e9s de una sonda nasog\u00e1strica desde que tiene un mes de edad, y que los profesionales sugirieron que cuente con un bot\u00f3n g\u00e1strico para reemplazar la sonda. Por este motivo, se fij\u00f3 una fecha para realizar la intervenci\u00f3n requerida para tal tratamiento, que tuvo que postergarse dado que la ObSBA no entreg\u00f3 los insumos correspondientes a tiempo. Finalmente explica que el tratamiento farmacol\u00f3gico de la ni\u00f1a consiste en Levetiracetam (anticonvulsivante) y 0,8 ml diarios de aceite de cannabis.<\/p>\n<p>En su considerando, la magistrada entendi\u00f3 v\u00e1lido se\u00f1alar que la ni\u00f1a T.A.A. se encuentra comprendida en dos colectivos especialmente protegidos por la Constituci\u00f3n de la Ciudad de Buenos Aires, es decir, el de las ni\u00f1as ni\u00f1os y adolescentes (art. 39) y el de las personas con necesidades especiales (art. 42). A continuaci\u00f3n, hizo hincapi\u00e9 en la normativa local y apel\u00f3 a la enumeraci\u00f3n de los art\u00edculos 2\u00b0 Inter\u00e9s Superior, 6\u00b0 Efectivizaci\u00f3n de derechos, 22\u00b0 Derecho a la Salud y 23\u00b0 Protecci\u00f3n de la Salud de la Ley 114 sobre Protecci\u00f3n Integral de los Derechos de Ni\u00f1os, Ni\u00f1as y Adolescentes.<br \/>Liberatori record\u00f3 adem\u00e1s que \u00abse encuentra protegida por la ley 24.901 que estableci\u00f3 un sistema de prestaciones b\u00e1sicas en habilitaci\u00f3n y rehabilitaci\u00f3n integral a favor de las personas con discapacidad, y por la ley 25.404 que establece que el paciente epil\u00e9ptico tiene derecho a recibir asistencia m\u00e9dica integral y oportuna (art. 4).<\/p>\n","protected":false},"excerpt":{"rendered":"<p>La titular del juzgado N\u00ba4 en lo Contencioso Administrativo y Tributario, Elena Liberatori, hizo lugar a la acci\u00f3n de amparo impulsada por una mam\u00e1 en representaci\u00f3n de su hija, que presenta un cuadro de \u201cepilepsia hemiplejia esp\u00e1stica, otras anomal\u00edas cromos\u00f3micas, no clasificadas en otra parte\u201d; y en consecuencia, orden\u00f3 a la ObSBA que en lo [&hellip;]<\/p>\n","protected":false},"author":1,"featured_media":3790,"comment_status":"open","ping_status":"open","sticky":false,"template":"","format":"standard","meta":{"_et_pb_use_builder":"","_et_pb_old_content":"","_et_gb_content_width":"","footnotes":""},"categories":[11,33],"tags":[],"class_list":["post-3789","post","type-post","status-publish","format-standard","has-post-thumbnail","hentry","category-ciudad","category-sociedad-y-cultura-2"],"_links":{"self":[{"href":"https:\/\/vocesdebaires.com.ar\/index.php\/wp-json\/wp\/v2\/posts\/3789"}],"collection":[{"href":"https:\/\/vocesdebaires.com.ar\/index.php\/wp-json\/wp\/v2\/posts"}],"about":[{"href":"https:\/\/vocesdebaires.com.ar\/index.php\/wp-json\/wp\/v2\/types\/post"}],"author":[{"embeddable":true,"href":"https:\/\/vocesdebaires.com.ar\/index.php\/wp-json\/wp\/v2\/users\/1"}],"replies":[{"embeddable":true,"href":"https:\/\/vocesdebaires.com.ar\/index.php\/wp-json\/wp\/v2\/comments?post=3789"}],"version-history":[{"count":0,"href":"https:\/\/vocesdebaires.com.ar\/index.php\/wp-json\/wp\/v2\/posts\/3789\/revisions"}],"wp:featuredmedia":[{"embeddable":true,"href":"https:\/\/vocesdebaires.com.ar\/index.php\/wp-json\/wp\/v2\/media\/3790"}],"wp:attachment":[{"href":"https:\/\/vocesdebaires.com.ar\/index.php\/wp-json\/wp\/v2\/media?parent=3789"}],"wp:term":[{"taxonomy":"category","embeddable":true,"href":"https:\/\/vocesdebaires.com.ar\/index.php\/wp-json\/wp\/v2\/categories?post=3789"},{"taxonomy":"post_tag","embeddable":true,"href":"https:\/\/vocesdebaires.com.ar\/index.php\/wp-json\/wp\/v2\/tags?post=3789"}],"curies":[{"name":"wp","href":"https:\/\/api.w.org\/{rel}","templated":true}]}}