{"id":37935,"date":"2022-04-22T00:00:27","date_gmt":"2022-04-22T03:00:27","guid":{"rendered":"https:\/\/vocesdebaires.com.ar\/?p=37935"},"modified":"2022-04-21T18:50:02","modified_gmt":"2022-04-21T21:50:02","slug":"allanaronla-comisaria-n6-de-la-localidad-de-moreno-y-su-respectiva-ddi","status":"publish","type":"post","link":"https:\/\/vocesdebaires.com.ar\/index.php\/2022\/04\/22\/allanaronla-comisaria-n6-de-la-localidad-de-moreno-y-su-respectiva-ddi\/","title":{"rendered":"Allanaron:La Comisar\u00eda N\u00b06 de Moreno y su respectiva DDI"},"content":{"rendered":"<p>Desde el Ministerio de Seguridad de la Provincia de Buenos Aires nos informaron que en una tarea conjunta entre la Superintendencia de Drogas Peligrosas de la Polic\u00eda de Provincia de Buenos Aires y Asuntos Internos de la Polic\u00eda Federal Argentina en el d\u00eda de la fecha y bajo la instrucci\u00f3n de la Unidad Funcional de Instrucci\u00f3n N\u00b0 10 a cargo de la Dra. Urrutia, se procedi\u00f3 al allanamiento de la Comisar\u00eda N\u00b06 de la localidad de Moreno y su respectiva DDI.<br \/>\nComo resultado se logr\u00f3 detener a nueve integrantes de la Polic\u00eda de Provincia de Buenos Aires con jerarqu\u00edas entre Oficial Principal y Oficial de Polic\u00eda.<br \/>\nLuego de la indagatoria se determinar\u00e1 la situaci\u00f3n procesal de cada uno de ellos. A continuaci\u00f3n, se detalla rango, legajo, nombre y apellido de los efectivos detenidos:<\/p>\n<p>Oficial Principal \u2022 Legajo 174.821 \u2022 Ibarra Gabriela Noem\u00ed<br \/>\nSargento \u2022 Legajo 178.371 \u2022 Biotti Leonardo Fabi\u00e1n<br \/>\nOficial de Polic\u00eda \u2022 Legajo 497.502 \u2022 Viera Juan Eduardo<br \/>\nOficial de Polic\u00eda \u2022 Legajo 420.436 \u2022 Romero Alexis Abel<br \/>\nSubteniente \u2022 Legajo 187.603 \u2022 Perin Sebasti\u00e1n Eduardo<br \/>\nCapit\u00e1n \u2022 Legajo 131.052 \u2022 Acosta Abel Ram\u00f3n<br \/>\nSub Oficial Mayor \u2022 Legajo 129.537 \u2022 Morales \u00c1ngel Rufino<br \/>\nOficial Ayudante \u2022 193.345 \u2022 Branchi Claudio Sebasti\u00e1n<br \/>\nSubteniente \u2022 181.122 \u2022 Torres Dar\u00edo Roberto<\/p>\n","protected":false},"excerpt":{"rendered":"<p>Desde el Ministerio de Seguridad de la Provincia de Buenos Aires nos informaron que en una tarea conjunta entre la Superintendencia de Drogas Peligrosas de la Polic\u00eda de Provincia de Buenos Aires y Asuntos Internos de la Polic\u00eda Federal Argentina en el d\u00eda de la fecha y bajo la instrucci\u00f3n de la Unidad Funcional de [&hellip;]<\/p>\n","protected":false},"author":2,"featured_media":37936,"comment_status":"open","ping_status":"open","sticky":false,"template":"","format":"standard","meta":{"_et_pb_use_builder":"","_et_pb_old_content":"","_et_gb_content_width":"","footnotes":""},"categories":[34,13],"tags":[],"class_list":["post-37935","post","type-post","status-publish","format-standard","has-post-thumbnail","hentry","category-politica","category-provincia"],"_links":{"self":[{"href":"https:\/\/vocesdebaires.com.ar\/index.php\/wp-json\/wp\/v2\/posts\/37935"}],"collection":[{"href":"https:\/\/vocesdebaires.com.ar\/index.php\/wp-json\/wp\/v2\/posts"}],"about":[{"href":"https:\/\/vocesdebaires.com.ar\/index.php\/wp-json\/wp\/v2\/types\/post"}],"author":[{"embeddable":true,"href":"https:\/\/vocesdebaires.com.ar\/index.php\/wp-json\/wp\/v2\/users\/2"}],"replies":[{"embeddable":true,"href":"https:\/\/vocesdebaires.com.ar\/index.php\/wp-json\/wp\/v2\/comments?post=37935"}],"version-history":[{"count":2,"href":"https:\/\/vocesdebaires.com.ar\/index.php\/wp-json\/wp\/v2\/posts\/37935\/revisions"}],"predecessor-version":[{"id":37939,"href":"https:\/\/vocesdebaires.com.ar\/index.php\/wp-json\/wp\/v2\/posts\/37935\/revisions\/37939"}],"wp:featuredmedia":[{"embeddable":true,"href":"https:\/\/vocesdebaires.com.ar\/index.php\/wp-json\/wp\/v2\/media\/37936"}],"wp:attachment":[{"href":"https:\/\/vocesdebaires.com.ar\/index.php\/wp-json\/wp\/v2\/media?parent=37935"}],"wp:term":[{"taxonomy":"category","embeddable":true,"href":"https:\/\/vocesdebaires.com.ar\/index.php\/wp-json\/wp\/v2\/categories?post=37935"},{"taxonomy":"post_tag","embeddable":true,"href":"https:\/\/vocesdebaires.com.ar\/index.php\/wp-json\/wp\/v2\/tags?post=37935"}],"curies":[{"name":"wp","href":"https:\/\/api.w.org\/{rel}","templated":true}]}}