{"id":3799,"date":"2019-09-04T03:00:00","date_gmt":"2019-09-04T06:00:00","guid":{"rendered":"http:\/\/vocesdebaires.com.ar\/wordpress\/index.php\/2019\/09\/04\/legislatura-reunion-sobre-medio-ambiente\/"},"modified":"2019-09-04T03:00:00","modified_gmt":"2019-09-04T06:00:00","slug":"legislatura-reunion-sobre-medio-ambiente","status":"publish","type":"post","link":"https:\/\/vocesdebaires.com.ar\/index.php\/2019\/09\/04\/legislatura-reunion-sobre-medio-ambiente\/","title":{"rendered":"Legislatura: Reuni\u00f3n sobre Medio Ambiente"},"content":{"rendered":"<p>La legisladora Mercedes De Las Casas (VJ) presidenta de la comisi\u00f3n de Ambiente, encabez\u00f3 una reuni\u00f3n abierta de la tem\u00e1tica, con la asistencia de j\u00f3venes y funcionarios de la Ciudad y Naci\u00f3n.Primeramente se abord\u00f3 el incendio en la Amazon\u00eda, el bosque tropical m\u00e1s extenso. Se resalt\u00f3 que los \u00e1rboles y pastizales del mundo son los que capturan a gran escala los gases del carbono por los combustibles f\u00f3siles. Recomendaron la soluci\u00f3n, reforestar a gran escala. Se advirti\u00f3 que \u201cel modelo de desarrollo se llev\u00f3 puesto a la naturaleza\u201d.<\/p>\n<p>Se cit\u00f3 la agenda 2030 sancionada por la Asamblea General de la Organizaci\u00f3n de las Naciones Unidas (ONU) para el desarrollo sostenible. Como referencia, hasta dentro de 11 a\u00f1os habr\u00eda tiempo para remediar una cat\u00e1strofe clim\u00e1tica mundial que se tornar\u00eda irreversible.El Grupo Intergubernamental de Expertos sobre el Cambio Clim\u00e1tico (ONU) en su \u00faltimo informe advirti\u00f3 se producir\u00eda un aumento de 3 grados de la temperatura mundial, muy por encima del m\u00e1ximo de 2 \u00b0C contemplado por los Acuerdos de Par\u00eds. En la Argentina, la producci\u00f3n agr\u00edcola y ganadera representa un gran porcentaje del producto bruto interno. Por ello plantearon la necesidad de un desarrollo sustentable para la Argentina, de la cual se encuentra dentro de \u201cese camino\u201d.\u00a0 Advirtieron que es necesario armonizar la producci\u00f3n con el ambiente.<\/p>\n","protected":false},"excerpt":{"rendered":"<p>La legisladora Mercedes De Las Casas (VJ) presidenta de la comisi\u00f3n de Ambiente, encabez\u00f3 una reuni\u00f3n abierta de la tem\u00e1tica, con la asistencia de j\u00f3venes y funcionarios de la Ciudad y Naci\u00f3n.Primeramente se abord\u00f3 el incendio en la Amazon\u00eda, el bosque tropical m\u00e1s extenso. Se resalt\u00f3 que los \u00e1rboles y pastizales del mundo son los [&hellip;]<\/p>\n","protected":false},"author":1,"featured_media":3800,"comment_status":"open","ping_status":"open","sticky":false,"template":"","format":"standard","meta":{"_et_pb_use_builder":"","_et_pb_old_content":"","_et_gb_content_width":"","footnotes":""},"categories":[11,32],"tags":[],"class_list":["post-3799","post","type-post","status-publish","format-standard","has-post-thumbnail","hentry","category-ciudad","category-comunas"],"_links":{"self":[{"href":"https:\/\/vocesdebaires.com.ar\/index.php\/wp-json\/wp\/v2\/posts\/3799"}],"collection":[{"href":"https:\/\/vocesdebaires.com.ar\/index.php\/wp-json\/wp\/v2\/posts"}],"about":[{"href":"https:\/\/vocesdebaires.com.ar\/index.php\/wp-json\/wp\/v2\/types\/post"}],"author":[{"embeddable":true,"href":"https:\/\/vocesdebaires.com.ar\/index.php\/wp-json\/wp\/v2\/users\/1"}],"replies":[{"embeddable":true,"href":"https:\/\/vocesdebaires.com.ar\/index.php\/wp-json\/wp\/v2\/comments?post=3799"}],"version-history":[{"count":0,"href":"https:\/\/vocesdebaires.com.ar\/index.php\/wp-json\/wp\/v2\/posts\/3799\/revisions"}],"wp:featuredmedia":[{"embeddable":true,"href":"https:\/\/vocesdebaires.com.ar\/index.php\/wp-json\/wp\/v2\/media\/3800"}],"wp:attachment":[{"href":"https:\/\/vocesdebaires.com.ar\/index.php\/wp-json\/wp\/v2\/media?parent=3799"}],"wp:term":[{"taxonomy":"category","embeddable":true,"href":"https:\/\/vocesdebaires.com.ar\/index.php\/wp-json\/wp\/v2\/categories?post=3799"},{"taxonomy":"post_tag","embeddable":true,"href":"https:\/\/vocesdebaires.com.ar\/index.php\/wp-json\/wp\/v2\/tags?post=3799"}],"curies":[{"name":"wp","href":"https:\/\/api.w.org\/{rel}","templated":true}]}}