{"id":38090,"date":"2022-05-02T10:54:17","date_gmt":"2022-05-02T13:54:17","guid":{"rendered":"https:\/\/vocesdebaires.com.ar\/?p=38090"},"modified":"2022-05-02T10:54:17","modified_gmt":"2022-05-02T13:54:17","slug":"convencion-provincial-santilli-junto-a-carrio-en-mar-del-plata","status":"publish","type":"post","link":"https:\/\/vocesdebaires.com.ar\/index.php\/2022\/05\/02\/convencion-provincial-santilli-junto-a-carrio-en-mar-del-plata\/","title":{"rendered":"Convenci\u00f3n Provincial: Santilli junto a Carri\u00f3 en Mar del Plata"},"content":{"rendered":"<p>El diputado nacional de Juntos por el Cambio particip\u00f3 el pasado s\u00e1bado de la Convenci\u00f3n Provincial de la Coalici\u00f3n C\u00edvica en Mar del Plata. \u00abJunto a Lilita Carri\u00f3, la CC, la UCR, el PRO y el PJ Republicano tenemos la obligaci\u00f3n y la responsabilidad de presentarle a la sociedad un shock de medidas y un plan econ\u00f3mico y productivo integral que reviertan tantos a\u00f1os de fracaso en la Provincia\u00bb, sintetiz\u00f3 el dirigente bonaerense. Estuvieron presentes, adem\u00e1s de la l\u00edder fundadora Elisa Carri\u00f3, la diputada provincial Maricel Etchecoin, el presidente de la C PBA Andr\u00e9s de<\/p>\n<p>Leo, el presidente de la UCR PBA, Maximiliano Abad, los senadores provinciales Joaqu\u00edn de La Torre y Alejandro Rabinovich, y el diputado nacional Maximiliano Ferraro, entre otros. \u00abLe estoy muy agradecido a Lilita, a Maricel, a Maxi, a Andr\u00e9s y a Juan Manuel por la invitaci\u00f3n a ser parte de la Convenci\u00f3n de la Coalici\u00f3n C\u00edvica en esta hermosa ciudad\u00bb, afirm\u00f3 Santilli ante los medios presentes en Mar del Plata.\u00bbVengo a acompa\u00f1ar a este partido que ha sido fundacional de Cambiemos y que es miembro estrat\u00e9gico de la consolidaci\u00f3n de Juntos por el Cambio a nivel nacional y provincial\u00bb, asegur\u00f3. Para Santilli, \u00abnuestro mayor desaf\u00edo es cambiar la historia en la Provincia de Buenos Aires, que es un gigante dormido.<\/p>\n<p>Hoy tiene un gobernador ausente que no ha encarado ninguna transformaci\u00f3n de fondo, que s\u00f3lo dedica su tiempo a la cr\u00edtica y a mirar por el espejito retrovisor\u00bb. \u00abJunto a Lilita Carri\u00f3, la Coalici\u00f3n C\u00edvica, el radicalismo, el PRO y el peronismo republicano de Miguel Pichetto tenemos la obligaci\u00f3n y la responsabilidad de presentarle a la sociedad un shock de medidas y un plan econ\u00f3mico y productivo integral que reviertan tantos a\u00f1os de fracaso en la Provincia\u00bb, sintetiz\u00f3 el dirigente bonaerense.<\/p>\n<p>\u00abNosotros tenemos que enfocarnos en seguir creciendo, evitar el internismo que es funcional al kirchnerismo, y prepararnos para gobernar el pa\u00eds y la provincia. Los desaf\u00edos son muy complejos. Vamos a tener que ir a fondo con las transformaciones desde el minuto uno que asumamos, no habr\u00e1 tiempo que perder, porque la situaci\u00f3n de la mayor\u00eda de los argentinos es muy angustiante\u00bb, concluy\u00f3 el diputado nacional de Juntos por el Cambio.<\/p>\n","protected":false},"excerpt":{"rendered":"<p>El diputado nacional de Juntos por el Cambio particip\u00f3 el pasado s\u00e1bado de la Convenci\u00f3n Provincial de la Coalici\u00f3n C\u00edvica en Mar del Plata. \u00abJunto a Lilita Carri\u00f3, la CC, la UCR, el PRO y el PJ Republicano tenemos la obligaci\u00f3n y la responsabilidad de presentarle a la sociedad un shock de medidas y un [&hellip;]<\/p>\n","protected":false},"author":2,"featured_media":38091,"comment_status":"open","ping_status":"open","sticky":false,"template":"","format":"standard","meta":{"_et_pb_use_builder":"","_et_pb_old_content":"","_et_gb_content_width":"","footnotes":""},"categories":[34,13],"tags":[],"class_list":["post-38090","post","type-post","status-publish","format-standard","has-post-thumbnail","hentry","category-politica","category-provincia"],"_links":{"self":[{"href":"https:\/\/vocesdebaires.com.ar\/index.php\/wp-json\/wp\/v2\/posts\/38090"}],"collection":[{"href":"https:\/\/vocesdebaires.com.ar\/index.php\/wp-json\/wp\/v2\/posts"}],"about":[{"href":"https:\/\/vocesdebaires.com.ar\/index.php\/wp-json\/wp\/v2\/types\/post"}],"author":[{"embeddable":true,"href":"https:\/\/vocesdebaires.com.ar\/index.php\/wp-json\/wp\/v2\/users\/2"}],"replies":[{"embeddable":true,"href":"https:\/\/vocesdebaires.com.ar\/index.php\/wp-json\/wp\/v2\/comments?post=38090"}],"version-history":[{"count":1,"href":"https:\/\/vocesdebaires.com.ar\/index.php\/wp-json\/wp\/v2\/posts\/38090\/revisions"}],"predecessor-version":[{"id":38092,"href":"https:\/\/vocesdebaires.com.ar\/index.php\/wp-json\/wp\/v2\/posts\/38090\/revisions\/38092"}],"wp:featuredmedia":[{"embeddable":true,"href":"https:\/\/vocesdebaires.com.ar\/index.php\/wp-json\/wp\/v2\/media\/38091"}],"wp:attachment":[{"href":"https:\/\/vocesdebaires.com.ar\/index.php\/wp-json\/wp\/v2\/media?parent=38090"}],"wp:term":[{"taxonomy":"category","embeddable":true,"href":"https:\/\/vocesdebaires.com.ar\/index.php\/wp-json\/wp\/v2\/categories?post=38090"},{"taxonomy":"post_tag","embeddable":true,"href":"https:\/\/vocesdebaires.com.ar\/index.php\/wp-json\/wp\/v2\/tags?post=38090"}],"curies":[{"name":"wp","href":"https:\/\/api.w.org\/{rel}","templated":true}]}}