{"id":3811,"date":"2019-09-03T03:00:00","date_gmt":"2019-09-03T06:00:00","guid":{"rendered":"http:\/\/vocesdebaires.com.ar\/wordpress\/index.php\/2019\/09\/03\/como-participar-de-comisarias-cercanas\/"},"modified":"2019-09-03T03:00:00","modified_gmt":"2019-09-03T06:00:00","slug":"como-participar-de-comisarias-cercanas","status":"publish","type":"post","link":"https:\/\/vocesdebaires.com.ar\/index.php\/2019\/09\/03\/como-participar-de-comisarias-cercanas\/","title":{"rendered":"C\u00f3mo participar de Comisar\u00edas Cercanas"},"content":{"rendered":"<p>El programa &quot;Comisar\u00edas Cercanas&quot; tiene una nueva cita: el jueves 5 de septiembre de 2019 en las comisar\u00edas de los barrios, a partir de las 18.15. Este plan, que se viene desarrollando con la activa participaci\u00f3n de los vecinos y las autoridades, tiene como objetivo mejorar la seguridad en la Ciudad.La iniciativa impulsa la participaci\u00f3n ciudadana a trav\u00e9s de reuniones con comisarios y funcionarios del gobierno porte\u00f1o, los primeros jueves de cada mes. La Ciudad diagram\u00f3 un Plan Integral para mejorar la Seguridad, que incluye entre otras cosas, sumar m\u00e1s polic\u00edas o que efectivos que hacen tareas administrativas salgan a las calles.<\/p>\n<p>Por eso es clave la participaci\u00f3n ciudadana. Que haya una relaci\u00f3n directa entre los vecinos y la Polic\u00eda, con colaboraci\u00f3n permanente a la hora de acercar reclamos y sugerencias. Los encuentros de &quot;Comisar\u00edas Cercanas&quot; involucran a las 54 comisar\u00edas de la Ciudad, que abren sus puertas en simult\u00e1neo para reunir a los vecinos con un comisario, dos funcionarios y los equipos de seguridad y participaci\u00f3n ciudadana. En cada reuni\u00f3n, los vecinos expresan sus preocupaciones en relaci\u00f3n a la seguridad de su barrio, conocer los avances realizados por las autoridades e informarse sobre la manera de actuar frente a las irregularidades.<\/p>\n","protected":false},"excerpt":{"rendered":"<p>El programa &quot;Comisar\u00edas Cercanas&quot; tiene una nueva cita: el jueves 5 de septiembre de 2019 en las comisar\u00edas de los barrios, a partir de las 18.15. Este plan, que se viene desarrollando con la activa participaci\u00f3n de los vecinos y las autoridades, tiene como objetivo mejorar la seguridad en la Ciudad.La iniciativa impulsa la participaci\u00f3n [&hellip;]<\/p>\n","protected":false},"author":1,"featured_media":3812,"comment_status":"open","ping_status":"open","sticky":false,"template":"","format":"standard","meta":{"_et_pb_use_builder":"","_et_pb_old_content":"","_et_gb_content_width":"","footnotes":""},"categories":[11,32],"tags":[],"class_list":["post-3811","post","type-post","status-publish","format-standard","has-post-thumbnail","hentry","category-ciudad","category-comunas"],"_links":{"self":[{"href":"https:\/\/vocesdebaires.com.ar\/index.php\/wp-json\/wp\/v2\/posts\/3811"}],"collection":[{"href":"https:\/\/vocesdebaires.com.ar\/index.php\/wp-json\/wp\/v2\/posts"}],"about":[{"href":"https:\/\/vocesdebaires.com.ar\/index.php\/wp-json\/wp\/v2\/types\/post"}],"author":[{"embeddable":true,"href":"https:\/\/vocesdebaires.com.ar\/index.php\/wp-json\/wp\/v2\/users\/1"}],"replies":[{"embeddable":true,"href":"https:\/\/vocesdebaires.com.ar\/index.php\/wp-json\/wp\/v2\/comments?post=3811"}],"version-history":[{"count":0,"href":"https:\/\/vocesdebaires.com.ar\/index.php\/wp-json\/wp\/v2\/posts\/3811\/revisions"}],"wp:featuredmedia":[{"embeddable":true,"href":"https:\/\/vocesdebaires.com.ar\/index.php\/wp-json\/wp\/v2\/media\/3812"}],"wp:attachment":[{"href":"https:\/\/vocesdebaires.com.ar\/index.php\/wp-json\/wp\/v2\/media?parent=3811"}],"wp:term":[{"taxonomy":"category","embeddable":true,"href":"https:\/\/vocesdebaires.com.ar\/index.php\/wp-json\/wp\/v2\/categories?post=3811"},{"taxonomy":"post_tag","embeddable":true,"href":"https:\/\/vocesdebaires.com.ar\/index.php\/wp-json\/wp\/v2\/tags?post=3811"}],"curies":[{"name":"wp","href":"https:\/\/api.w.org\/{rel}","templated":true}]}}