{"id":3813,"date":"2019-09-03T03:00:00","date_gmt":"2019-09-03T06:00:00","guid":{"rendered":"http:\/\/vocesdebaires.com.ar\/wordpress\/index.php\/2019\/09\/03\/belgrano-segunda-parte-no-llueve-mas\/"},"modified":"2019-09-03T03:00:00","modified_gmt":"2019-09-03T06:00:00","slug":"belgrano-segunda-parte-no-llueve-mas","status":"publish","type":"post","link":"https:\/\/vocesdebaires.com.ar\/index.php\/2019\/09\/03\/belgrano-segunda-parte-no-llueve-mas\/","title":{"rendered":"Belgrano segunda parte: No llueve m\u00e1s"},"content":{"rendered":"<p>El jefe de Gabinete porte\u00f1o, Felipe Miguel, y el ministro de Desarrollo Urbano y Transporte, Franco Moccia, participaron el pasado \u00a0mi\u00e9rcoles de la prueba de llenado del Arroyo Vega, que gracias a la finalizaci\u00f3n de las obras del segundo emisario del t\u00fanel ahora soporta hasta 81 mil\u00edmetros de lluvia fuerte constante a lo largo de dos horas. Estas obras que no se ven a veces son las m\u00e1s importantes porque trascienden una gesti\u00f3n y una generaci\u00f3n, expres\u00f3 Felipe Miguel.<\/p>\n<p>El segundo emisario, que se extiende a lo largo de 8,4 kil\u00f3metros desde el cruce de las calles Nueva York y Helguera hasta desembocar en el R\u00edo de La Plata, duplic\u00f3 la capacidad de drenaje (antes soportaba hasta 48 mil\u00edmetros) y minimiz\u00f3 el riesgo de inundaciones en las comunas 12, 13 y 15. Adem\u00e1s, el Jefe de Gabinete indic\u00f3 que de ac\u00e1 a un mes este t\u00fanel estar\u00e1 funcionando en plenitud, y agreg\u00f3: Beneficiar\u00e1 a 315.000 vecinos, fundamentalmente los de los barrios de Belgrano, Colegiales, Villa Ort\u00fazar, Agronom\u00eda, Parque Chas y Villa del Parque.<\/p>\n<p>En relaci\u00f3n a esto argument\u00f3 que tambi\u00e9n te preparan para enfrentar el desaf\u00edo del cambio clim\u00e1tico, y destac\u00f3 en este punto el Plan Hidr\u00e1ulico llevado a cabo en los diferentes arroyos de la Ciudad.<br \/>Por \u00faltimo, complet\u00f3: Vamos a seguir de esta manera junto con Horacio (Rodr\u00edguez Larreta) para que en cada barrio cada una de estas obras nos mejoren la calidad de vida todos los d\u00edas. Para poder llevar adelante este proyecto, se lo dividi\u00f3 en dos tramos: el primero cuenta con 5,9 kil\u00f3metros de extensi\u00f3n y para su construcci\u00f3n se utiliz\u00f3 la m\u00e1quina tunelera \u201cElisa\u201d (primera mujer egresada de Ingenier\u00eda de la UBA en 1918), de 5,30 metros de di\u00e1metro interno del t\u00fanel, la cual comenz\u00f3 su excavaci\u00f3n en la costanera Norte por debajo de la calle La Pampa hasta la intersecci\u00f3n con la avenida Victorica.<\/p>\n<p>El segundo, en cambio, cuenta con 2,4 kil\u00f3metros con un di\u00e1metro interno de 2,30 metros, y se utiliz\u00f3 la t\u00e9cnica de excavaci\u00f3n Pipe Jacking, que permite instalar tuber\u00edas sin realizar zanjeo. Este tramo abarca desde Nueva York Helguera hasta La Pampa-Ballivian. La m\u00e1quina tunelera Elisa, que funcion\u00f3 las 24 horas del d\u00eda de lunes a s\u00e1bado (los domingos se realizaron tareas de mantenimiento), trabaj\u00f3 a 20 metros bajo tierra (un edificio de siete pisos hacia abajo), avanzando 24 metros lineales diarios. Para la construcci\u00f3n del t\u00fanel trabajaron 400 obreros y se emplearon 43.700 metros c\u00fabicos de hormig\u00f3n armado, lo que equivalen a 64 Obeliscos.<\/p>\n","protected":false},"excerpt":{"rendered":"<p>El jefe de Gabinete porte\u00f1o, Felipe Miguel, y el ministro de Desarrollo Urbano y Transporte, Franco Moccia, participaron el pasado \u00a0mi\u00e9rcoles de la prueba de llenado del Arroyo Vega, que gracias a la finalizaci\u00f3n de las obras del segundo emisario del t\u00fanel ahora soporta hasta 81 mil\u00edmetros de lluvia fuerte constante a lo largo de [&hellip;]<\/p>\n","protected":false},"author":1,"featured_media":3814,"comment_status":"open","ping_status":"open","sticky":false,"template":"","format":"standard","meta":{"_et_pb_use_builder":"","_et_pb_old_content":"","_et_gb_content_width":"","footnotes":""},"categories":[11,32],"tags":[],"class_list":["post-3813","post","type-post","status-publish","format-standard","has-post-thumbnail","hentry","category-ciudad","category-comunas"],"_links":{"self":[{"href":"https:\/\/vocesdebaires.com.ar\/index.php\/wp-json\/wp\/v2\/posts\/3813"}],"collection":[{"href":"https:\/\/vocesdebaires.com.ar\/index.php\/wp-json\/wp\/v2\/posts"}],"about":[{"href":"https:\/\/vocesdebaires.com.ar\/index.php\/wp-json\/wp\/v2\/types\/post"}],"author":[{"embeddable":true,"href":"https:\/\/vocesdebaires.com.ar\/index.php\/wp-json\/wp\/v2\/users\/1"}],"replies":[{"embeddable":true,"href":"https:\/\/vocesdebaires.com.ar\/index.php\/wp-json\/wp\/v2\/comments?post=3813"}],"version-history":[{"count":0,"href":"https:\/\/vocesdebaires.com.ar\/index.php\/wp-json\/wp\/v2\/posts\/3813\/revisions"}],"wp:featuredmedia":[{"embeddable":true,"href":"https:\/\/vocesdebaires.com.ar\/index.php\/wp-json\/wp\/v2\/media\/3814"}],"wp:attachment":[{"href":"https:\/\/vocesdebaires.com.ar\/index.php\/wp-json\/wp\/v2\/media?parent=3813"}],"wp:term":[{"taxonomy":"category","embeddable":true,"href":"https:\/\/vocesdebaires.com.ar\/index.php\/wp-json\/wp\/v2\/categories?post=3813"},{"taxonomy":"post_tag","embeddable":true,"href":"https:\/\/vocesdebaires.com.ar\/index.php\/wp-json\/wp\/v2\/tags?post=3813"}],"curies":[{"name":"wp","href":"https:\/\/api.w.org\/{rel}","templated":true}]}}