{"id":38174,"date":"2022-05-09T00:00:36","date_gmt":"2022-05-09T03:00:36","guid":{"rendered":"https:\/\/vocesdebaires.com.ar\/?p=38174"},"modified":"2022-05-08T21:25:08","modified_gmt":"2022-05-09T00:25:08","slug":"legislatura-portena-dia-mundial-de-la-salud-mental-materna","status":"publish","type":"post","link":"https:\/\/vocesdebaires.com.ar\/index.php\/2022\/05\/09\/legislatura-portena-dia-mundial-de-la-salud-mental-materna\/","title":{"rendered":"Legislatura porte\u00f1a: D\u00eda Mundial de la Salud Mental Materna"},"content":{"rendered":"<p>La Legislatura conmemor\u00f3 este mi\u00e9rcoles el \u201cD\u00eda Mundial de la Salud Mental Materna\u201d con una actividad encabezada por la legislatura Ana Mar\u00eda Bou P\u00e9rez (VJ). La ex Ministra de Salud porte\u00f1a explic\u00f3 que con actividades como la desarrollada en el Sal\u00f3n Dorado busca aumentar la visibilidad de las posibles dificultades ps\u00edquicas que pueden ocasionarse por el embarazo, el parto y el postparto. El propio cuerpo parlamentario mediante la sanci\u00f3n de una ley en 2019, estableci\u00f3 el \u201cD\u00eda Mundial de la Salud Mental Materna\u201d el primer mi\u00e9rcoles de mayo de cada a\u00f1o.<\/p>\n<p>La directora ejecutiva de la Asociaci\u00f3n Civil Materna, Laura Corton, particip\u00f3 del encuentro y resalt\u00f3 que la campa\u00f1a por la salud mental materna es internacional y busca un reconocimiento formal. Detall\u00f3 que \u201cuna de cada cinco sufre un problema y 75% de las que sufren no reciben un tratamiento adecuado\u201d. Destac\u00f3 que es necesario poner el foco en aquellas que no tienen atenci\u00f3n. A continuaci\u00f3n, la especialista Anal\u00eda Sierra aludi\u00f3 a la necesidad de contenci\u00f3n, a pesar de los problemas econ\u00f3micos, a las mujeres que fueron atendidas en hospitales y cl\u00ednicas. Y luego, hubo un panel integrado por los profesionales Ariel Golubiki -jefe del Departamento Infantil del Ministerio de Salud de la Ciudad-, Violeta Bromberg, Silvina Foks e Ivana Moyano.<\/p>\n<p><strong>Cuidar la salud mental de la madre<\/strong><br \/>\nLos fundamentos de la ley que instituy\u00f3 en la Ciudad Aut\u00f3noma de Buenos Aires el \u201cD\u00eda de la Salud Mental Materna\u201d explican: \u201cLa salud mental de las madres es necesaria para el desarrollo y crecimiento de los hijos. Muchas mujeres sufren y experimentan emociones negativas frente a los numerosos cambios vitales del embarazo y el posparto. El 25% de las embarazadas experimenta alg\u00fan tipo de malestar ps\u00edquico significativo.<\/p>\n<p>El estr\u00e9s y la enfermedad mental materna pueden afectar directamente al feto y al reci\u00e9n nacido con impacto sobre su desarrollo f\u00edsico, cognitivo y emocional que puede perdurar en el tiempo. La atenci\u00f3n y los cuidados hacia la salud mental de la madre proporcionan el apoyo necesario para que las mujeres puedan ampliar sus recursos y capacidades personales, adaptarse mejor a estos desaf\u00edos, vincularse afectivamente con su beb\u00e9, alimentarlo y cuidarlo. Por eso, cuidar la salud mental de las madres supone mejorar la salud de la sociedad actual y futura\u201d.<\/p>\n<p>Se calcula que una de cada siete mujeres que son madres primerizas experimentan alg\u00fan trastorno durante el embarazo o el posparto (depresi\u00f3n perinatal, la ansiedad, el trastorno obsesivo compulsivo, la bipolaridad y\/o la psicosis posparto). Adem\u00e1s, existen \u201cfactores como la enfermedad mental previa personal o familiar, la pobreza, la desnutrici\u00f3n, las infecciones y la violencia tambi\u00e9n suponen un riesgo a\u00f1adido\u201d.<\/p>\n","protected":false},"excerpt":{"rendered":"<p>La Legislatura conmemor\u00f3 este mi\u00e9rcoles el \u201cD\u00eda Mundial de la Salud Mental Materna\u201d con una actividad encabezada por la legislatura Ana Mar\u00eda Bou P\u00e9rez (VJ). La ex Ministra de Salud porte\u00f1a explic\u00f3 que con actividades como la desarrollada en el Sal\u00f3n Dorado busca aumentar la visibilidad de las posibles dificultades ps\u00edquicas que pueden ocasionarse por [&hellip;]<\/p>\n","protected":false},"author":2,"featured_media":38175,"comment_status":"open","ping_status":"open","sticky":false,"template":"","format":"standard","meta":{"_et_pb_use_builder":"","_et_pb_old_content":"","_et_gb_content_width":"","footnotes":""},"categories":[11,33],"tags":[],"class_list":["post-38174","post","type-post","status-publish","format-standard","has-post-thumbnail","hentry","category-ciudad","category-sociedad-y-cultura-2"],"_links":{"self":[{"href":"https:\/\/vocesdebaires.com.ar\/index.php\/wp-json\/wp\/v2\/posts\/38174"}],"collection":[{"href":"https:\/\/vocesdebaires.com.ar\/index.php\/wp-json\/wp\/v2\/posts"}],"about":[{"href":"https:\/\/vocesdebaires.com.ar\/index.php\/wp-json\/wp\/v2\/types\/post"}],"author":[{"embeddable":true,"href":"https:\/\/vocesdebaires.com.ar\/index.php\/wp-json\/wp\/v2\/users\/2"}],"replies":[{"embeddable":true,"href":"https:\/\/vocesdebaires.com.ar\/index.php\/wp-json\/wp\/v2\/comments?post=38174"}],"version-history":[{"count":2,"href":"https:\/\/vocesdebaires.com.ar\/index.php\/wp-json\/wp\/v2\/posts\/38174\/revisions"}],"predecessor-version":[{"id":38177,"href":"https:\/\/vocesdebaires.com.ar\/index.php\/wp-json\/wp\/v2\/posts\/38174\/revisions\/38177"}],"wp:featuredmedia":[{"embeddable":true,"href":"https:\/\/vocesdebaires.com.ar\/index.php\/wp-json\/wp\/v2\/media\/38175"}],"wp:attachment":[{"href":"https:\/\/vocesdebaires.com.ar\/index.php\/wp-json\/wp\/v2\/media?parent=38174"}],"wp:term":[{"taxonomy":"category","embeddable":true,"href":"https:\/\/vocesdebaires.com.ar\/index.php\/wp-json\/wp\/v2\/categories?post=38174"},{"taxonomy":"post_tag","embeddable":true,"href":"https:\/\/vocesdebaires.com.ar\/index.php\/wp-json\/wp\/v2\/tags?post=38174"}],"curies":[{"name":"wp","href":"https:\/\/api.w.org\/{rel}","templated":true}]}}