{"id":38178,"date":"2022-05-09T00:00:50","date_gmt":"2022-05-09T03:00:50","guid":{"rendered":"https:\/\/vocesdebaires.com.ar\/?p=38178"},"modified":"2022-05-08T21:28:23","modified_gmt":"2022-05-09T00:28:23","slug":"ciudad-disfruta-de-las-visitas-guiadas-por-el-palacio-legislativo","status":"publish","type":"post","link":"https:\/\/vocesdebaires.com.ar\/index.php\/2022\/05\/09\/ciudad-disfruta-de-las-visitas-guiadas-por-el-palacio-legislativo\/","title":{"rendered":"Ciudad: Disfrut\u00e1 de las visitas guiadas por el Palacio Legislativo"},"content":{"rendered":"<p>La Secretar\u00eda de Bienestar Integral, en conjunto con la Direcci\u00f3n General de Atenci\u00f3n Ciudadana realizan la actividad \u00abConociendo tu Legislatura\u00bb, que tiene como objetivo ofrecer a las personas mayores visitas guiadas en el Palacio Legislativo y brindar una charla sobre el funcionamiento parlamentario y los mecanismos de participaci\u00f3n ciudadana. Las visitas se har\u00e1n hasta el 9 de diciembre. A su vez, la actividad se realizar\u00e1 todos los viernes en dos turnos.<\/p>\n<p>El turno ma\u00f1ana comprende de 10 a 12 horas y el turno tarde desde las 15 hasta las 17 horas. Cabe destacar que el cupo es limitado y que consiste en un total de 20 personas por visita, es decir, por turno. Adem\u00e1s, aquellas personas que quieran hacer el recorrido deber\u00e1n completar previamente un formulario de inscripci\u00f3n. Luego, recibir\u00e1n un mail de confirmaci\u00f3n seg\u00fan la casilla de mail que hayan colocado en el formulario enviado.<\/p>\n<p><strong>Sobre el Palacio de la Legislatura<\/strong><br \/>\nEl Palacio de la Legislatura porte\u00f1a se termin\u00f3 de construir en 1931. Los arquitectos, Eduard Le Monnier y H\u00e9ctor Ayerza, se inspiraron para el dise\u00f1o en el neoclacisismo franc\u00e9s del siglo XVIII. La torre de la construcci\u00f3n, de 97 metros de altura, alberga un reloj Westminster con cuatro esferas de 4,5 metros de di\u00e1metro. Este reloj est\u00e1 conectado a cinco campanas: La Santa Mar\u00eda, La Pinta, La Ni\u00f1a, La Porte\u00f1a y La Argentina; la mayor pesa 1,8 toneladas.<\/p>\n<p>Tambi\u00e9n posee otro carrill\u00f3n (conjunto de campanas grandes convenientemente afinadas y ordenadas para producir melod\u00edas, de origen alem\u00e1n, con 30 campanas y m\u00e1s de 27 toneladas de peso),que puede usarse para tocar melod\u00edas por medio de un teclado de madera que se encuentra en la mencionada torre. A su vez, el edificio posee una biblioteca y una hemeroteca abiertas al p\u00fablico, adem\u00e1s de sus salones y el recinto de sesiones.<\/p>\n","protected":false},"excerpt":{"rendered":"<p>La Secretar\u00eda de Bienestar Integral, en conjunto con la Direcci\u00f3n General de Atenci\u00f3n Ciudadana realizan la actividad \u00abConociendo tu Legislatura\u00bb, que tiene como objetivo ofrecer a las personas mayores visitas guiadas en el Palacio Legislativo y brindar una charla sobre el funcionamiento parlamentario y los mecanismos de participaci\u00f3n ciudadana. Las visitas se har\u00e1n hasta el [&hellip;]<\/p>\n","protected":false},"author":2,"featured_media":38179,"comment_status":"open","ping_status":"open","sticky":false,"template":"","format":"standard","meta":{"_et_pb_use_builder":"","_et_pb_old_content":"","_et_gb_content_width":"","footnotes":""},"categories":[11,33],"tags":[],"class_list":["post-38178","post","type-post","status-publish","format-standard","has-post-thumbnail","hentry","category-ciudad","category-sociedad-y-cultura-2"],"_links":{"self":[{"href":"https:\/\/vocesdebaires.com.ar\/index.php\/wp-json\/wp\/v2\/posts\/38178"}],"collection":[{"href":"https:\/\/vocesdebaires.com.ar\/index.php\/wp-json\/wp\/v2\/posts"}],"about":[{"href":"https:\/\/vocesdebaires.com.ar\/index.php\/wp-json\/wp\/v2\/types\/post"}],"author":[{"embeddable":true,"href":"https:\/\/vocesdebaires.com.ar\/index.php\/wp-json\/wp\/v2\/users\/2"}],"replies":[{"embeddable":true,"href":"https:\/\/vocesdebaires.com.ar\/index.php\/wp-json\/wp\/v2\/comments?post=38178"}],"version-history":[{"count":1,"href":"https:\/\/vocesdebaires.com.ar\/index.php\/wp-json\/wp\/v2\/posts\/38178\/revisions"}],"predecessor-version":[{"id":38180,"href":"https:\/\/vocesdebaires.com.ar\/index.php\/wp-json\/wp\/v2\/posts\/38178\/revisions\/38180"}],"wp:featuredmedia":[{"embeddable":true,"href":"https:\/\/vocesdebaires.com.ar\/index.php\/wp-json\/wp\/v2\/media\/38179"}],"wp:attachment":[{"href":"https:\/\/vocesdebaires.com.ar\/index.php\/wp-json\/wp\/v2\/media?parent=38178"}],"wp:term":[{"taxonomy":"category","embeddable":true,"href":"https:\/\/vocesdebaires.com.ar\/index.php\/wp-json\/wp\/v2\/categories?post=38178"},{"taxonomy":"post_tag","embeddable":true,"href":"https:\/\/vocesdebaires.com.ar\/index.php\/wp-json\/wp\/v2\/tags?post=38178"}],"curies":[{"name":"wp","href":"https:\/\/api.w.org\/{rel}","templated":true}]}}