{"id":38181,"date":"2022-05-09T00:00:26","date_gmt":"2022-05-09T03:00:26","guid":{"rendered":"https:\/\/vocesdebaires.com.ar\/?p=38181"},"modified":"2022-05-08T21:32:02","modified_gmt":"2022-05-09T00:32:02","slug":"con-eje-en-la-inseguridad-santilli-y-larreta-recorrieron-la-matanza","status":"publish","type":"post","link":"https:\/\/vocesdebaires.com.ar\/index.php\/2022\/05\/09\/con-eje-en-la-inseguridad-santilli-y-larreta-recorrieron-la-matanza\/","title":{"rendered":"Con eje en la inseguridad, Santilli y Larreta recorrieron la Matanza"},"content":{"rendered":"<p>El jefe de Gobierno porte\u00f1o y el diputado nacional mantuvieron reuniones con vecinos, empresarios y organizaciones de la sociedad civil en La Matanza y centraron su agenda en la inseguridad. Larreta y Santilli comenzaron la jornada junto al concejal de La Matanza Toty Flores. Primero mantuvieron un mano a mano en Laferrere con el polic\u00eda Diego Acevedo, quien hace meses denuncia que sufre todo tipo de robos, da\u00f1os y actos vand\u00e1licos en su casa y su veh\u00edculo.<\/p>\n<p>Luego realizaron una caminata por el centro comercial de Laferrere, donde conversaron con due\u00f1os de una veterinaria y un gimnasio. M\u00e1s tarde Larreta se traslad\u00f3 a Gonz\u00e1lez Cat\u00e1n para visitar una cooperativa y recorrer el barrio.\u201cEn todos lados, los vecinos y los comerciantes dicen que la gente despu\u00e9s de las siete de la tarde no puede salir a la calle. Tambi\u00e9n nos cuentan que hay varias zonas todav\u00eda se inundan. Todo frente a un gobierno municipal que est\u00e1 hace 38 a\u00f1os, que son los mismos, y no han solucionado los problemas\u201d sostuvo Larreta sobre su recorrida.<\/p>\n<p>\u201cYo vengo a escuchar y conocer la realidad. La buena noticia es que veo mucha vocaci\u00f3n de cambio y eso me entusiasma\u201d, agreg\u00f3 el mandatario de Juntos por el Cambio. Santilli a la vez afirm\u00f3: \u00abEl kirchnerismo no tiene decisi\u00f3n pol\u00edtica para combatir la delincuencia. Tampoco hay planificaci\u00f3n ni una visi\u00f3n clara y contundente de c\u00f3mo bajar los delitos, c\u00f3mo enfrentar el avance de los narcos y las mafias. La inseguridad est\u00e1 creciendo d\u00eda a d\u00eda en la Provincia y el gobernador est\u00e1 ausente\u00bb.<\/p>\n<p>El diputado nacional continu\u00f3 su recorrida: se reuni\u00f3 con los trabajadores de la empresa Manaos en Virrey del Pino y particip\u00f3 de un almuerzo con empresarios de la zona, junto al dirigente territorial Hern\u00e1n Berisso. Finalmente, se sumaron a la recorrida el diputado nacional Alejandro Finocchiaro, la dirigente de Juntos Florencia Arietto y el concejal de La Matanza Jorge Lampa, quienes se reunir\u00e1n con pastores evang\u00e9licos de Gonz\u00e1lez Cat\u00e1n y visitar\u00e1n a familiares de Roberto Sabo, el quiosquero de Ramos Mej\u00eda asesinado hace seis meses.<\/p>\n","protected":false},"excerpt":{"rendered":"<p>El jefe de Gobierno porte\u00f1o y el diputado nacional mantuvieron reuniones con vecinos, empresarios y organizaciones de la sociedad civil en La Matanza y centraron su agenda en la inseguridad. Larreta y Santilli comenzaron la jornada junto al concejal de La Matanza Toty Flores. Primero mantuvieron un mano a mano en Laferrere con el polic\u00eda [&hellip;]<\/p>\n","protected":false},"author":2,"featured_media":38182,"comment_status":"open","ping_status":"open","sticky":false,"template":"","format":"standard","meta":{"_et_pb_use_builder":"","_et_pb_old_content":"","_et_gb_content_width":"","footnotes":""},"categories":[34,13],"tags":[],"class_list":["post-38181","post","type-post","status-publish","format-standard","has-post-thumbnail","hentry","category-politica","category-provincia"],"_links":{"self":[{"href":"https:\/\/vocesdebaires.com.ar\/index.php\/wp-json\/wp\/v2\/posts\/38181"}],"collection":[{"href":"https:\/\/vocesdebaires.com.ar\/index.php\/wp-json\/wp\/v2\/posts"}],"about":[{"href":"https:\/\/vocesdebaires.com.ar\/index.php\/wp-json\/wp\/v2\/types\/post"}],"author":[{"embeddable":true,"href":"https:\/\/vocesdebaires.com.ar\/index.php\/wp-json\/wp\/v2\/users\/2"}],"replies":[{"embeddable":true,"href":"https:\/\/vocesdebaires.com.ar\/index.php\/wp-json\/wp\/v2\/comments?post=38181"}],"version-history":[{"count":1,"href":"https:\/\/vocesdebaires.com.ar\/index.php\/wp-json\/wp\/v2\/posts\/38181\/revisions"}],"predecessor-version":[{"id":38183,"href":"https:\/\/vocesdebaires.com.ar\/index.php\/wp-json\/wp\/v2\/posts\/38181\/revisions\/38183"}],"wp:featuredmedia":[{"embeddable":true,"href":"https:\/\/vocesdebaires.com.ar\/index.php\/wp-json\/wp\/v2\/media\/38182"}],"wp:attachment":[{"href":"https:\/\/vocesdebaires.com.ar\/index.php\/wp-json\/wp\/v2\/media?parent=38181"}],"wp:term":[{"taxonomy":"category","embeddable":true,"href":"https:\/\/vocesdebaires.com.ar\/index.php\/wp-json\/wp\/v2\/categories?post=38181"},{"taxonomy":"post_tag","embeddable":true,"href":"https:\/\/vocesdebaires.com.ar\/index.php\/wp-json\/wp\/v2\/tags?post=38181"}],"curies":[{"name":"wp","href":"https:\/\/api.w.org\/{rel}","templated":true}]}}