{"id":38187,"date":"2022-05-09T00:00:28","date_gmt":"2022-05-09T03:00:28","guid":{"rendered":"https:\/\/vocesdebaires.com.ar\/?p=38187"},"modified":"2022-05-08T21:38:01","modified_gmt":"2022-05-09T00:38:01","slug":"vuelve-coas-fashions-event-a-beneficio-de-los-hospitales-publicos","status":"publish","type":"post","link":"https:\/\/vocesdebaires.com.ar\/index.php\/2022\/05\/09\/vuelve-coas-fashions-event-a-beneficio-de-los-hospitales-publicos\/","title":{"rendered":"Vuelve \u00abCOAS Fashions Event\u00bb: A beneficio de los hospitales p\u00fablicos"},"content":{"rendered":"<p>S\u00f3lo durante tres d\u00edas, COAS realizar\u00e1 una nueva edici\u00f3n del esperado \u00abCOAS Fashion Event\u00bb, del martes 10 al jueves 12 de mayo, de 11.30 a 18.30 hs., en Esmeralda 1320, 5\u00ba A \u2013 CABA -.<br \/>\nImportantes dise\u00f1adores se suman con prendas y art\u00edculos de sus \u00faltimas colecciones: Ayres -Ay Not Dead- Benito Fern\u00e1ndez- Carmela Achaval- Clara Ibarguren- Giesso- Graciela Naum- Las Catalanas &#8211; Trosman- Un\u00fctzer y Zapatos Perugia.<\/p>\n<p>Se destaca que habr\u00e1 un \u00e1rea de Feria de ropa casi nueva de grandes marcas, como Abercrombie &amp; Fitch, Etiqueta Negra, Ginebra, H&amp;M, Hollister, Rapsodia, Jazm\u00edn Chebar, Mar\u00eda Cher, Nike y Zara. \u201cCOAS Fashion Event\u201d est\u00e1 ideado para ser un espacio exclusivo, orientado a resaltar las tendencias en moda para la mujer de hoy, donde se encontrar\u00e1n, adem\u00e1s: zapatos, carteras, accesorios en general, ropa de hombre y elementos de decoraci\u00f3n y cocina. De esta manera, COAS contin\u00faa generando sus recursos que destina a la ayuda de los Hospitales P\u00fablicos de todo el pa\u00eds.<\/p>\n","protected":false},"excerpt":{"rendered":"<p>S\u00f3lo durante tres d\u00edas, COAS realizar\u00e1 una nueva edici\u00f3n del esperado \u00abCOAS Fashion Event\u00bb, del martes 10 al jueves 12 de mayo, de 11.30 a 18.30 hs., en Esmeralda 1320, 5\u00ba A \u2013 CABA -. Importantes dise\u00f1adores se suman con prendas y art\u00edculos de sus \u00faltimas colecciones: Ayres -Ay Not Dead- Benito Fern\u00e1ndez- Carmela Achaval- [&hellip;]<\/p>\n","protected":false},"author":2,"featured_media":38188,"comment_status":"open","ping_status":"open","sticky":false,"template":"","format":"standard","meta":{"_et_pb_use_builder":"","_et_pb_old_content":"","_et_gb_content_width":"","footnotes":""},"categories":[11,33],"tags":[],"class_list":["post-38187","post","type-post","status-publish","format-standard","has-post-thumbnail","hentry","category-ciudad","category-sociedad-y-cultura-2"],"_links":{"self":[{"href":"https:\/\/vocesdebaires.com.ar\/index.php\/wp-json\/wp\/v2\/posts\/38187"}],"collection":[{"href":"https:\/\/vocesdebaires.com.ar\/index.php\/wp-json\/wp\/v2\/posts"}],"about":[{"href":"https:\/\/vocesdebaires.com.ar\/index.php\/wp-json\/wp\/v2\/types\/post"}],"author":[{"embeddable":true,"href":"https:\/\/vocesdebaires.com.ar\/index.php\/wp-json\/wp\/v2\/users\/2"}],"replies":[{"embeddable":true,"href":"https:\/\/vocesdebaires.com.ar\/index.php\/wp-json\/wp\/v2\/comments?post=38187"}],"version-history":[{"count":1,"href":"https:\/\/vocesdebaires.com.ar\/index.php\/wp-json\/wp\/v2\/posts\/38187\/revisions"}],"predecessor-version":[{"id":38189,"href":"https:\/\/vocesdebaires.com.ar\/index.php\/wp-json\/wp\/v2\/posts\/38187\/revisions\/38189"}],"wp:featuredmedia":[{"embeddable":true,"href":"https:\/\/vocesdebaires.com.ar\/index.php\/wp-json\/wp\/v2\/media\/38188"}],"wp:attachment":[{"href":"https:\/\/vocesdebaires.com.ar\/index.php\/wp-json\/wp\/v2\/media?parent=38187"}],"wp:term":[{"taxonomy":"category","embeddable":true,"href":"https:\/\/vocesdebaires.com.ar\/index.php\/wp-json\/wp\/v2\/categories?post=38187"},{"taxonomy":"post_tag","embeddable":true,"href":"https:\/\/vocesdebaires.com.ar\/index.php\/wp-json\/wp\/v2\/tags?post=38187"}],"curies":[{"name":"wp","href":"https:\/\/api.w.org\/{rel}","templated":true}]}}