{"id":38204,"date":"2022-05-10T04:50:14","date_gmt":"2022-05-10T07:50:14","guid":{"rendered":"https:\/\/vocesdebaires.com.ar\/?p=38204"},"modified":"2022-05-10T04:50:14","modified_gmt":"2022-05-10T07:50:14","slug":"legislatura-portena-primer-encuentro-de-concejos-deliberantes-del-pais","status":"publish","type":"post","link":"https:\/\/vocesdebaires.com.ar\/index.php\/2022\/05\/10\/legislatura-portena-primer-encuentro-de-concejos-deliberantes-del-pais\/","title":{"rendered":"Legislatura porte\u00f1a: Primer encuentro de Concejos Deliberantes del pa\u00eds"},"content":{"rendered":"<p>Concejales y concejalas de diferentes ciudades del pa\u00eds se reunieron presencialmente por primera vez para dar inicio a una etapa laboral conjunta en pos del crecimiento de las instituciones y la red de \u00abLegislaturas Conectadas\u00bb. La jornada que fue extensa se llev\u00f3 a cabo en varias etapas, comenzando en el sal\u00f3n Alfons\u00edn de la sede parlamentaria porte\u00f1a y cont\u00f3 con la participaci\u00f3n de m\u00e1s de 30 funcionarios y asesores.<\/p>\n<p>En el primer bloque se realiz\u00f3 la presentaci\u00f3n de cada Concejo y luego los representantes expusieron sobre g\u00e9nero, la tem\u00e1tica acordada previamente como t\u00f3pico principal. Compartieron experiencias, proyectos y acciones a llevar a cabo a futuro en cada una de sus ciudades. Finalmente se enunciaron las conclusiones generales y los invitados realizaron una visita guiada por el Palacio Legislativo. Como cierre de la jornada los asistentes se trasladaron hacia el stand de la Legislatura en la Feria Internacional del Libro para participar en la presentaci\u00f3n de la Red de Concejos Deliberantes.<\/p>\n<p><strong>Las ciudades que estuvieron presentes:<\/strong> Con sus Concejos Deliberantes fueron: Bah\u00eda Blanca (Prov. de Bs. As.), R\u00edo Cuarto (C\u00f3rdoba), Curuz\u00fa Cuati\u00e1 y Gobernador Virasoro (Corrientes), Puerto Madryn y Rawson (Chubut), Paran\u00e1 y Concordia (Entre R\u00edos), San Rafael (Mendoza), Posadas y Ober\u00e1 (Misiones), Viedma (R\u00edo Negro), Villa de Merlo (San Luis) y El Calafate (Santa Cruz). Cabe destacar que 38 Concejos Deliberantes de todo el pa\u00eds conforman la red de \u00abLegislaturas Conectadas\u00bb y el n\u00famero contin\u00faa en aumento. Participaron del encuentro los legisladores Mat\u00edas L\u00f3pez (VJ) y legisladora Gimena Villafruela (VJ) y Luc\u00eda C\u00e1mpora (FdT).<\/p>\n","protected":false},"excerpt":{"rendered":"<p>Concejales y concejalas de diferentes ciudades del pa\u00eds se reunieron presencialmente por primera vez para dar inicio a una etapa laboral conjunta en pos del crecimiento de las instituciones y la red de \u00abLegislaturas Conectadas\u00bb. La jornada que fue extensa se llev\u00f3 a cabo en varias etapas, comenzando en el sal\u00f3n Alfons\u00edn de la sede [&hellip;]<\/p>\n","protected":false},"author":2,"featured_media":38205,"comment_status":"open","ping_status":"open","sticky":false,"template":"","format":"standard","meta":{"_et_pb_use_builder":"","_et_pb_old_content":"","_et_gb_content_width":"","footnotes":""},"categories":[11,33],"tags":[],"class_list":["post-38204","post","type-post","status-publish","format-standard","has-post-thumbnail","hentry","category-ciudad","category-sociedad-y-cultura-2"],"_links":{"self":[{"href":"https:\/\/vocesdebaires.com.ar\/index.php\/wp-json\/wp\/v2\/posts\/38204"}],"collection":[{"href":"https:\/\/vocesdebaires.com.ar\/index.php\/wp-json\/wp\/v2\/posts"}],"about":[{"href":"https:\/\/vocesdebaires.com.ar\/index.php\/wp-json\/wp\/v2\/types\/post"}],"author":[{"embeddable":true,"href":"https:\/\/vocesdebaires.com.ar\/index.php\/wp-json\/wp\/v2\/users\/2"}],"replies":[{"embeddable":true,"href":"https:\/\/vocesdebaires.com.ar\/index.php\/wp-json\/wp\/v2\/comments?post=38204"}],"version-history":[{"count":1,"href":"https:\/\/vocesdebaires.com.ar\/index.php\/wp-json\/wp\/v2\/posts\/38204\/revisions"}],"predecessor-version":[{"id":38206,"href":"https:\/\/vocesdebaires.com.ar\/index.php\/wp-json\/wp\/v2\/posts\/38204\/revisions\/38206"}],"wp:featuredmedia":[{"embeddable":true,"href":"https:\/\/vocesdebaires.com.ar\/index.php\/wp-json\/wp\/v2\/media\/38205"}],"wp:attachment":[{"href":"https:\/\/vocesdebaires.com.ar\/index.php\/wp-json\/wp\/v2\/media?parent=38204"}],"wp:term":[{"taxonomy":"category","embeddable":true,"href":"https:\/\/vocesdebaires.com.ar\/index.php\/wp-json\/wp\/v2\/categories?post=38204"},{"taxonomy":"post_tag","embeddable":true,"href":"https:\/\/vocesdebaires.com.ar\/index.php\/wp-json\/wp\/v2\/tags?post=38204"}],"curies":[{"name":"wp","href":"https:\/\/api.w.org\/{rel}","templated":true}]}}