{"id":38216,"date":"2022-05-11T00:13:13","date_gmt":"2022-05-11T03:13:13","guid":{"rendered":"https:\/\/vocesdebaires.com.ar\/?p=38216"},"modified":"2022-05-11T00:13:13","modified_gmt":"2022-05-11T03:13:13","slug":"legislatura-portena-la-venta-ambulante-de-cafe-esta-regulada","status":"publish","type":"post","link":"https:\/\/vocesdebaires.com.ar\/index.php\/2022\/05\/11\/legislatura-portena-la-venta-ambulante-de-cafe-esta-regulada\/","title":{"rendered":"Legislatura porte\u00f1a: La venta ambulante de caf\u00e9 est\u00e1 regulada"},"content":{"rendered":"<p>La venta ambulante por cuenta propia de caf\u00e9 est\u00e1 regulada.Con la ley 6518 desde enero de este a\u00f1o la Ciudad autoriza la actividad de venta ambulante de caf\u00e9 en el espacio p\u00fablico porte\u00f1o.<br \/>\nPodr\u00e1n efectuar esta actividad personas f\u00edsicas que act\u00faen exclusivamente por cuenta propia. La venta del caf\u00e9 podr\u00e1 realizarse en la v\u00eda p\u00fablica mediante triciclos o carritos y\/o mediante cualquier otro medio de transporte no motorizado.<\/p>\n","protected":false},"excerpt":{"rendered":"<p>La venta ambulante por cuenta propia de caf\u00e9 est\u00e1 regulada.Con la ley 6518 desde enero de este a\u00f1o la Ciudad autoriza la actividad de venta ambulante de caf\u00e9 en el espacio p\u00fablico porte\u00f1o. Podr\u00e1n efectuar esta actividad personas f\u00edsicas que act\u00faen exclusivamente por cuenta propia. La venta del caf\u00e9 podr\u00e1 realizarse en la v\u00eda p\u00fablica [&hellip;]<\/p>\n","protected":false},"author":2,"featured_media":38217,"comment_status":"open","ping_status":"open","sticky":false,"template":"","format":"standard","meta":{"_et_pb_use_builder":"","_et_pb_old_content":"","_et_gb_content_width":"","footnotes":""},"categories":[11,33],"tags":[],"class_list":["post-38216","post","type-post","status-publish","format-standard","has-post-thumbnail","hentry","category-ciudad","category-sociedad-y-cultura-2"],"_links":{"self":[{"href":"https:\/\/vocesdebaires.com.ar\/index.php\/wp-json\/wp\/v2\/posts\/38216"}],"collection":[{"href":"https:\/\/vocesdebaires.com.ar\/index.php\/wp-json\/wp\/v2\/posts"}],"about":[{"href":"https:\/\/vocesdebaires.com.ar\/index.php\/wp-json\/wp\/v2\/types\/post"}],"author":[{"embeddable":true,"href":"https:\/\/vocesdebaires.com.ar\/index.php\/wp-json\/wp\/v2\/users\/2"}],"replies":[{"embeddable":true,"href":"https:\/\/vocesdebaires.com.ar\/index.php\/wp-json\/wp\/v2\/comments?post=38216"}],"version-history":[{"count":1,"href":"https:\/\/vocesdebaires.com.ar\/index.php\/wp-json\/wp\/v2\/posts\/38216\/revisions"}],"predecessor-version":[{"id":38218,"href":"https:\/\/vocesdebaires.com.ar\/index.php\/wp-json\/wp\/v2\/posts\/38216\/revisions\/38218"}],"wp:featuredmedia":[{"embeddable":true,"href":"https:\/\/vocesdebaires.com.ar\/index.php\/wp-json\/wp\/v2\/media\/38217"}],"wp:attachment":[{"href":"https:\/\/vocesdebaires.com.ar\/index.php\/wp-json\/wp\/v2\/media?parent=38216"}],"wp:term":[{"taxonomy":"category","embeddable":true,"href":"https:\/\/vocesdebaires.com.ar\/index.php\/wp-json\/wp\/v2\/categories?post=38216"},{"taxonomy":"post_tag","embeddable":true,"href":"https:\/\/vocesdebaires.com.ar\/index.php\/wp-json\/wp\/v2\/tags?post=38216"}],"curies":[{"name":"wp","href":"https:\/\/api.w.org\/{rel}","templated":true}]}}