{"id":38219,"date":"2022-05-11T00:18:18","date_gmt":"2022-05-11T03:18:18","guid":{"rendered":"https:\/\/vocesdebaires.com.ar\/?p=38219"},"modified":"2022-05-11T00:18:18","modified_gmt":"2022-05-11T03:18:18","slug":"ciudadcomenzo-una-nueva-edicion-de-la-legislatura-y-la-escuela","status":"publish","type":"post","link":"https:\/\/vocesdebaires.com.ar\/index.php\/2022\/05\/11\/ciudadcomenzo-una-nueva-edicion-de-la-legislatura-y-la-escuela\/","title":{"rendered":"Ciudad:Comenz\u00f3 una nueva edici\u00f3n de La Legislatura y la Escuela"},"content":{"rendered":"<p>Ayer martes fue inaugurada una nueva edici\u00f3n del programa \u00abLa Legislatura y la Escuela\u00bb en el Recinto \u00abManuel Belgrano\u00bb con la novedad del regreso a la presencialidad luego de dos a\u00f1os de modalidad virtual.El vicepresidente 1\u00b0 legislador Emmanuel Ferrario (VJ) fue el encargado de poner en marcha el per\u00edodo de sesiones 2022 con un mensaje en el que destac\u00f3 la cercan\u00eda del cuerpo parlamentario a los ciudadanos. A continuaci\u00f3n, el presidente del interbloque Juntos por el Cambio legislador `porte\u00f1o Diego Garc\u00eda de Garc\u00eda Vilas, valor\u00f3 el ejercicio de la participaci\u00f3n, el debate y la escucha que \u00abofrece una mirada distinta y que muchas veces no tuvimos en cuenta y podemos incorporar, lo que es muy importante en la vida en general y para crecer como sociedad\u00bb.<\/p>\n<p>Las bancas fueron ocupadas por alumnos de sexto y s\u00e9ptimo grado de la Escuela de Jornada Completa N\u00b0 19 -D.E. 16 \u00abDr. Teodoro S\u00e1nchez De Bustamante\u00bb de Villa Pueyrred\u00f3n; Escuela del Jacarand\u00e1 del barrio de N\u00fa\u00f1ez y la Escuela N\u00ba 3 -DE 13 \u00abEduardo Ladislao Holmberg\u00bb de Mataderos, quienes presentaron proyectos tales como de formaci\u00f3n y capacitaci\u00f3n en primeros auxilios y respiraci\u00f3n cardio pulmonar -RCP, campa\u00f1a de concientizaci\u00f3n sobre el medio ambiente y la creaci\u00f3n de refugios para ni\u00f1os y mujeres victimas de abusos. El programa La Legislatura y la escuela es pionero en la Argentina ya que tiene 23 a\u00f1os consecutivos de historia con la activa participaci\u00f3n de escuelas de toda la Ciudad -hasta el momento m\u00e1s de 140.000 estudiantes-, tratando de promover el trabajo en equipo, el debate de ideas y el respeto como canales para el logro de cambios reales, tangibles en la vida escolar, barrial o comunal.<\/p>\n","protected":false},"excerpt":{"rendered":"<p>Ayer martes fue inaugurada una nueva edici\u00f3n del programa \u00abLa Legislatura y la Escuela\u00bb en el Recinto \u00abManuel Belgrano\u00bb con la novedad del regreso a la presencialidad luego de dos a\u00f1os de modalidad virtual.El vicepresidente 1\u00b0 legislador Emmanuel Ferrario (VJ) fue el encargado de poner en marcha el per\u00edodo de sesiones 2022 con un mensaje [&hellip;]<\/p>\n","protected":false},"author":2,"featured_media":38220,"comment_status":"open","ping_status":"open","sticky":false,"template":"","format":"standard","meta":{"_et_pb_use_builder":"","_et_pb_old_content":"","_et_gb_content_width":"","footnotes":""},"categories":[11,33],"tags":[],"class_list":["post-38219","post","type-post","status-publish","format-standard","has-post-thumbnail","hentry","category-ciudad","category-sociedad-y-cultura-2"],"_links":{"self":[{"href":"https:\/\/vocesdebaires.com.ar\/index.php\/wp-json\/wp\/v2\/posts\/38219"}],"collection":[{"href":"https:\/\/vocesdebaires.com.ar\/index.php\/wp-json\/wp\/v2\/posts"}],"about":[{"href":"https:\/\/vocesdebaires.com.ar\/index.php\/wp-json\/wp\/v2\/types\/post"}],"author":[{"embeddable":true,"href":"https:\/\/vocesdebaires.com.ar\/index.php\/wp-json\/wp\/v2\/users\/2"}],"replies":[{"embeddable":true,"href":"https:\/\/vocesdebaires.com.ar\/index.php\/wp-json\/wp\/v2\/comments?post=38219"}],"version-history":[{"count":1,"href":"https:\/\/vocesdebaires.com.ar\/index.php\/wp-json\/wp\/v2\/posts\/38219\/revisions"}],"predecessor-version":[{"id":38221,"href":"https:\/\/vocesdebaires.com.ar\/index.php\/wp-json\/wp\/v2\/posts\/38219\/revisions\/38221"}],"wp:featuredmedia":[{"embeddable":true,"href":"https:\/\/vocesdebaires.com.ar\/index.php\/wp-json\/wp\/v2\/media\/38220"}],"wp:attachment":[{"href":"https:\/\/vocesdebaires.com.ar\/index.php\/wp-json\/wp\/v2\/media?parent=38219"}],"wp:term":[{"taxonomy":"category","embeddable":true,"href":"https:\/\/vocesdebaires.com.ar\/index.php\/wp-json\/wp\/v2\/categories?post=38219"},{"taxonomy":"post_tag","embeddable":true,"href":"https:\/\/vocesdebaires.com.ar\/index.php\/wp-json\/wp\/v2\/tags?post=38219"}],"curies":[{"name":"wp","href":"https:\/\/api.w.org\/{rel}","templated":true}]}}