{"id":38225,"date":"2022-05-11T00:22:32","date_gmt":"2022-05-11T03:22:32","guid":{"rendered":"https:\/\/vocesdebaires.com.ar\/?p=38225"},"modified":"2022-05-11T00:22:32","modified_gmt":"2022-05-11T03:22:32","slug":"fabiana-cantilo-es-personalidad-destacada-de-la-cultura-de-la-ciudad","status":"publish","type":"post","link":"https:\/\/vocesdebaires.com.ar\/index.php\/2022\/05\/11\/fabiana-cantilo-es-personalidad-destacada-de-la-cultura-de-la-ciudad\/","title":{"rendered":"Fabiana Cantilo: Es Personalidad destacada de la Cultura de la Ciudad"},"content":{"rendered":"<p>La cantante Fabiana Cantilo recibi\u00f3 ayer martes por la tarde el diploma que acredita su Declaraci\u00f3n de Personalidad destacada de la Ciudad Aut\u00f3noma de Buenos Aires en el \u00e1mbito de la Cultura durante un acto que tuvo lugar en el Sal\u00f3n Dorado de la sede parlamentaria. La legisladora Mar\u00eda Luisa Gonz\u00e1lez Estevarena (VJ), autora de la iniciativa, confes\u00f3 ser admiradora de la artista, a la que consider\u00f3 como la voz femenina del rock. Cantilo inici\u00f3 su carrera en los a\u00f1os 80 con el grupo de teatro rock Las Baby Biscuit. Y en 1982 se une a Los Twist junto a Pipo Cipolatti y Daniel Melingo, un grupo que tuvo grandes \u00e9xitos a trav\u00e9s del nuevo rock con letras divertidas.<\/p>\n<p>En 1985 edit\u00f3 su primer \u00e1lbum solista \u00abDetectives\u00bb, acompa\u00f1ada de Richard Coleman, Oscar Mediavilla, Gustavo Bazterrica, Rinaldo Rafanelli, Daniel Melingo, Fernando Samalea, Oscar Moro y Polo Corbella. Desde 1986 Fabiana fue corista de los consagrados Charly Garc\u00eda, Luis Alberto Spinetta y Fito P\u00e1ez. En 1990 compuso con Charly Garc\u00eda, \u00abSiempre Puedes Olvidar\u00bb del \u00e1lbum \u00abFilosof\u00eda Barata y Zapatos de Goma\u00bb. En 1991 graba su tercer disco Algo Mejor; en 1993, Golpes al Vac\u00edo; en 1995, Sol en Cinco y en 1998, De que se R\u00eden; cobrando notoria popularidad. El nuevo siglo la encontr\u00f3 con m\u00e1s discos y grandes actuaciones.<\/p>\n<p>\u201cActualmente, se encuentra presentando en su disco n\u00famero 14 titulado Cuna de piedra, un nuevo \u00e1lbum de estudio que grab\u00f3 con instrumentos y sonoridad celta, disco producido art\u00edsticamente por ella misma. En este nuevo trabajo, sucesor de Proyecto.33, Fabi cambia de rumbo y se adentra en una geograf\u00eda musical que construye a trav\u00e9s de instrumentos celtas, arreglos sofisticados, sonidos org\u00e1nicos y, como siempre, sensibilidad\u201d, expresan los fundamentos de la declaraci\u00f3n. Durante el acto Fabiana Cantilo, ante sus amigos y familiares cant\u00f3 diversos temas como Balada para un Loco, de Astor Piazzola; Superh\u00e9roes, de Charly Garc\u00eda y se despidi\u00f3, acompa\u00f1ada de Fito P\u00e1ez con \u00abRevolution de The Beatles\u00bb.<\/p>\n<p>En su intervenci\u00f3n el ministro de Cultura, Enrique Avogadro confes\u00f3 que en Cantilo \u201cest\u00e1 la banda sonora de nuestra vida. Cada uno de nosotros tiene historias personales con su m\u00fasica\u201d. El poeta Fernando Noy le dedic\u00f3 unas palabras y parafrase\u00f3 a Jorge Lu\u00eds Borges sobre \u201cla amistad no es menos deliciosa que el amor\u201d, que la unen con la homenajeada por tres d\u00e9cadas. En tanto su ex pareja Fito P\u00e1ez, en su discurso a la \u201ccleopatra porte\u00f1a\u201d, afirm\u00f3 que \u201cla Fabi que hoy nos convoca, es un esp\u00edritu prodigio de la Ciudad de Buenos Aires\u201d. Adem\u00e1s, asistieron diputados del bloque Vamos Juntos, m\u00fasicos como Hilda Lizarazu y Julia Zenko; entre otras figuras de la pol\u00edtica y la cultura.<\/p>\n","protected":false},"excerpt":{"rendered":"<p>La cantante Fabiana Cantilo recibi\u00f3 ayer martes por la tarde el diploma que acredita su Declaraci\u00f3n de Personalidad destacada de la Ciudad Aut\u00f3noma de Buenos Aires en el \u00e1mbito de la Cultura durante un acto que tuvo lugar en el Sal\u00f3n Dorado de la sede parlamentaria. La legisladora Mar\u00eda Luisa Gonz\u00e1lez Estevarena (VJ), autora de [&hellip;]<\/p>\n","protected":false},"author":2,"featured_media":38226,"comment_status":"open","ping_status":"open","sticky":false,"template":"","format":"standard","meta":{"_et_pb_use_builder":"","_et_pb_old_content":"","_et_gb_content_width":"","footnotes":""},"categories":[11,33],"tags":[],"class_list":["post-38225","post","type-post","status-publish","format-standard","has-post-thumbnail","hentry","category-ciudad","category-sociedad-y-cultura-2"],"_links":{"self":[{"href":"https:\/\/vocesdebaires.com.ar\/index.php\/wp-json\/wp\/v2\/posts\/38225"}],"collection":[{"href":"https:\/\/vocesdebaires.com.ar\/index.php\/wp-json\/wp\/v2\/posts"}],"about":[{"href":"https:\/\/vocesdebaires.com.ar\/index.php\/wp-json\/wp\/v2\/types\/post"}],"author":[{"embeddable":true,"href":"https:\/\/vocesdebaires.com.ar\/index.php\/wp-json\/wp\/v2\/users\/2"}],"replies":[{"embeddable":true,"href":"https:\/\/vocesdebaires.com.ar\/index.php\/wp-json\/wp\/v2\/comments?post=38225"}],"version-history":[{"count":1,"href":"https:\/\/vocesdebaires.com.ar\/index.php\/wp-json\/wp\/v2\/posts\/38225\/revisions"}],"predecessor-version":[{"id":38227,"href":"https:\/\/vocesdebaires.com.ar\/index.php\/wp-json\/wp\/v2\/posts\/38225\/revisions\/38227"}],"wp:featuredmedia":[{"embeddable":true,"href":"https:\/\/vocesdebaires.com.ar\/index.php\/wp-json\/wp\/v2\/media\/38226"}],"wp:attachment":[{"href":"https:\/\/vocesdebaires.com.ar\/index.php\/wp-json\/wp\/v2\/media?parent=38225"}],"wp:term":[{"taxonomy":"category","embeddable":true,"href":"https:\/\/vocesdebaires.com.ar\/index.php\/wp-json\/wp\/v2\/categories?post=38225"},{"taxonomy":"post_tag","embeddable":true,"href":"https:\/\/vocesdebaires.com.ar\/index.php\/wp-json\/wp\/v2\/tags?post=38225"}],"curies":[{"name":"wp","href":"https:\/\/api.w.org\/{rel}","templated":true}]}}