{"id":38233,"date":"2022-05-12T08:29:26","date_gmt":"2022-05-12T11:29:26","guid":{"rendered":"https:\/\/vocesdebaires.com.ar\/?p=38233"},"modified":"2022-05-12T08:29:26","modified_gmt":"2022-05-12T11:29:26","slug":"cayo-en-el-barrio-parque-avellaneda-el-matrimonio-robaruedas","status":"publish","type":"post","link":"https:\/\/vocesdebaires.com.ar\/index.php\/2022\/05\/12\/cayo-en-el-barrio-parque-avellaneda-el-matrimonio-robaruedas\/","title":{"rendered":"Cay\u00f3 en el barrio Parque Avellaneda el \u00abmatrimonio robaruedas\u00bb"},"content":{"rendered":"<p>Gracias a una cantidad de hechos denunciados de sustracci\u00f3n de ruedas de veh\u00edculos estacionados en la v\u00eda p\u00fablica en la zona de Parque Avellaneda, los oficiales de la Comisar\u00eda Vecinal 9 C de la Polic\u00eda de la Ciudad iniciaron una investigaci\u00f3n para dar con los involucrados en los robos. Los efectivos se entrevistaron con los damnificados y vecinos de la zona, y determinaron que en varias denuncias estaba involucrado un autom\u00f3vil Chevrolet Agile de color blanco que era manejado por un hombre de aproximadamente de 1,70 metros de altura y de contextura f\u00edsica robusta.A partir de estos datos, el personal de la fuerza porte\u00f1a fue alertado sobre la posibilidad de que este hombre pudiera estar merodeando la zona.<\/p>\n<p>En consecuencia, y despu\u00e9s de continuar con las tareas y el despliegue, los efectivos policiales observaron el Agile blanco estacionado en doble fila, en la intersecci\u00f3n de las calles White y\u00a0 Garz\u00f3n, junto a un utilitario Peugeot Partner gris y que el conductor del auto coincid\u00eda con la descripci\u00f3n del imputado. Ante esta situaci\u00f3n, los polic\u00edas hicieron descender a los conductores de los rodados y requisaron los veh\u00edculos, en presencia de testigos, encontrando en la parte trasera de la Partner once ruedas completas, con llantas y cubiertas.<\/p>\n<p>Al chequear los datos de los veh\u00edculos, se corrobor\u00f3 que ambos estaban a nombre del padre de una de las personas demoradas. Al consultar con el Juzgado Nacional Criminal y Correccional N\u00famero 7, a cargo de la doctora Paula Gonz\u00e1lez y ante la Secretar\u00eda 121 de la doctora Damiano, se dispuso la detenci\u00f3n del hombre de 38 a\u00f1os y de la mujer de 19, y que sean trasladados a la Alcaid\u00eda de la zona de la Polic\u00eda de la Ciudad.<\/p>\n","protected":false},"excerpt":{"rendered":"<p>Gracias a una cantidad de hechos denunciados de sustracci\u00f3n de ruedas de veh\u00edculos estacionados en la v\u00eda p\u00fablica en la zona de Parque Avellaneda, los oficiales de la Comisar\u00eda Vecinal 9 C de la Polic\u00eda de la Ciudad iniciaron una investigaci\u00f3n para dar con los involucrados en los robos. Los efectivos se entrevistaron con los [&hellip;]<\/p>\n","protected":false},"author":2,"featured_media":38234,"comment_status":"open","ping_status":"open","sticky":false,"template":"","format":"standard","meta":{"_et_pb_use_builder":"","_et_pb_old_content":"","_et_gb_content_width":"","footnotes":""},"categories":[11,33],"tags":[],"class_list":["post-38233","post","type-post","status-publish","format-standard","has-post-thumbnail","hentry","category-ciudad","category-sociedad-y-cultura-2"],"_links":{"self":[{"href":"https:\/\/vocesdebaires.com.ar\/index.php\/wp-json\/wp\/v2\/posts\/38233"}],"collection":[{"href":"https:\/\/vocesdebaires.com.ar\/index.php\/wp-json\/wp\/v2\/posts"}],"about":[{"href":"https:\/\/vocesdebaires.com.ar\/index.php\/wp-json\/wp\/v2\/types\/post"}],"author":[{"embeddable":true,"href":"https:\/\/vocesdebaires.com.ar\/index.php\/wp-json\/wp\/v2\/users\/2"}],"replies":[{"embeddable":true,"href":"https:\/\/vocesdebaires.com.ar\/index.php\/wp-json\/wp\/v2\/comments?post=38233"}],"version-history":[{"count":1,"href":"https:\/\/vocesdebaires.com.ar\/index.php\/wp-json\/wp\/v2\/posts\/38233\/revisions"}],"predecessor-version":[{"id":38235,"href":"https:\/\/vocesdebaires.com.ar\/index.php\/wp-json\/wp\/v2\/posts\/38233\/revisions\/38235"}],"wp:featuredmedia":[{"embeddable":true,"href":"https:\/\/vocesdebaires.com.ar\/index.php\/wp-json\/wp\/v2\/media\/38234"}],"wp:attachment":[{"href":"https:\/\/vocesdebaires.com.ar\/index.php\/wp-json\/wp\/v2\/media?parent=38233"}],"wp:term":[{"taxonomy":"category","embeddable":true,"href":"https:\/\/vocesdebaires.com.ar\/index.php\/wp-json\/wp\/v2\/categories?post=38233"},{"taxonomy":"post_tag","embeddable":true,"href":"https:\/\/vocesdebaires.com.ar\/index.php\/wp-json\/wp\/v2\/tags?post=38233"}],"curies":[{"name":"wp","href":"https:\/\/api.w.org\/{rel}","templated":true}]}}