{"id":38240,"date":"2022-05-12T08:33:39","date_gmt":"2022-05-12T11:33:39","guid":{"rendered":"https:\/\/vocesdebaires.com.ar\/?p=38240"},"modified":"2022-05-12T08:33:39","modified_gmt":"2022-05-12T11:33:39","slug":"ciudadtrataran-el-proyecto-que-promueve-el-desarrollo-docente","status":"publish","type":"post","link":"https:\/\/vocesdebaires.com.ar\/index.php\/2022\/05\/12\/ciudadtrataran-el-proyecto-que-promueve-el-desarrollo-docente\/","title":{"rendered":"Ciudad:Tratar\u00e1n el proyecto que promueve el desarrollo docente"},"content":{"rendered":"<p>La Legislatura de la Ciudad Aut\u00f3noma de Buenos Aires debatir\u00e1 hoy jueves en sesi\u00f3n ordinaria y con nuevo horario 10 de la ma\u00f1ana, con un proyecto de ley cuyo objetivo es \u00abfortalecer la carrera docente a trav\u00e9s de la incorporaci\u00f3n de oportunidades de desempe\u00f1o en el aula\u00bb. La iniciativa implica modificaciones en el Estatuto del Docente de la Ciudad (Ordenanza 40.593, texto consolidado por ley 6.347). El dictamen a considerar fue elaborado por la Comisi\u00f3n de Educaci\u00f3n presidida por legisladora Manuela Thourte (UCR\/Ev) y propone como idea central la posibilidad de ascensos jer\u00e1rquicos con sus mejoras salariales no s\u00f3lo a trav\u00e9s del desempe\u00f1o de tareas directivas en las escuelas, sino tambi\u00e9n manteniendo la primordial tarea profesional de dictar clases en las aulas.<\/p>\n<p>El temario de hoy jueves fue acordado en la habitual reuni\u00f3n de los mi\u00e9rcoles de la Comisi\u00f3n de Labor Parlamentaria, que presidi\u00f3 el legislador Emmanuel Ferrario (VJ) y de la que participaron los jefes de bancadas. El plan de la sesi\u00f3n incluye tambi\u00e9n varios proyectos de resoluciones y declaraciones, una de ellas propone declarar como Personalidades Destacadas de la Educaci\u00f3n a las maestras que dictaron clases en espa\u00f1ol en el territorio de las Islas Malvinas desde 1972 hasta la guerra de 1982.<\/p>\n","protected":false},"excerpt":{"rendered":"<p>La Legislatura de la Ciudad Aut\u00f3noma de Buenos Aires debatir\u00e1 hoy jueves en sesi\u00f3n ordinaria y con nuevo horario 10 de la ma\u00f1ana, con un proyecto de ley cuyo objetivo es \u00abfortalecer la carrera docente a trav\u00e9s de la incorporaci\u00f3n de oportunidades de desempe\u00f1o en el aula\u00bb. La iniciativa implica modificaciones en el Estatuto del [&hellip;]<\/p>\n","protected":false},"author":2,"featured_media":38241,"comment_status":"open","ping_status":"open","sticky":false,"template":"","format":"standard","meta":{"_et_pb_use_builder":"","_et_pb_old_content":"","_et_gb_content_width":"","footnotes":""},"categories":[11,33],"tags":[],"class_list":["post-38240","post","type-post","status-publish","format-standard","has-post-thumbnail","hentry","category-ciudad","category-sociedad-y-cultura-2"],"_links":{"self":[{"href":"https:\/\/vocesdebaires.com.ar\/index.php\/wp-json\/wp\/v2\/posts\/38240"}],"collection":[{"href":"https:\/\/vocesdebaires.com.ar\/index.php\/wp-json\/wp\/v2\/posts"}],"about":[{"href":"https:\/\/vocesdebaires.com.ar\/index.php\/wp-json\/wp\/v2\/types\/post"}],"author":[{"embeddable":true,"href":"https:\/\/vocesdebaires.com.ar\/index.php\/wp-json\/wp\/v2\/users\/2"}],"replies":[{"embeddable":true,"href":"https:\/\/vocesdebaires.com.ar\/index.php\/wp-json\/wp\/v2\/comments?post=38240"}],"version-history":[{"count":1,"href":"https:\/\/vocesdebaires.com.ar\/index.php\/wp-json\/wp\/v2\/posts\/38240\/revisions"}],"predecessor-version":[{"id":38242,"href":"https:\/\/vocesdebaires.com.ar\/index.php\/wp-json\/wp\/v2\/posts\/38240\/revisions\/38242"}],"wp:featuredmedia":[{"embeddable":true,"href":"https:\/\/vocesdebaires.com.ar\/index.php\/wp-json\/wp\/v2\/media\/38241"}],"wp:attachment":[{"href":"https:\/\/vocesdebaires.com.ar\/index.php\/wp-json\/wp\/v2\/media?parent=38240"}],"wp:term":[{"taxonomy":"category","embeddable":true,"href":"https:\/\/vocesdebaires.com.ar\/index.php\/wp-json\/wp\/v2\/categories?post=38240"},{"taxonomy":"post_tag","embeddable":true,"href":"https:\/\/vocesdebaires.com.ar\/index.php\/wp-json\/wp\/v2\/tags?post=38240"}],"curies":[{"name":"wp","href":"https:\/\/api.w.org\/{rel}","templated":true}]}}