{"id":38243,"date":"2022-05-12T08:35:28","date_gmt":"2022-05-12T11:35:28","guid":{"rendered":"https:\/\/vocesdebaires.com.ar\/?p=38243"},"modified":"2022-05-12T08:35:28","modified_gmt":"2022-05-12T11:35:28","slug":"ciudadartes-plasticas-abstractas-en-la-sala-de-exposiciones","status":"publish","type":"post","link":"https:\/\/vocesdebaires.com.ar\/index.php\/2022\/05\/12\/ciudadartes-plasticas-abstractas-en-la-sala-de-exposiciones\/","title":{"rendered":"Ciudad:Artes pl\u00e1sticas abstractas en la Sala de Exposiciones"},"content":{"rendered":"<p>\u00abL\u00edneas de Fuerza\u00bb, puede ser apreciada con entrada libre y gratuita en la sede de la Legislatura.La muestra colectiva \u00abL\u00edneas de Fuerza\u00bb qued\u00f3 inaugurada ayer mi\u00e9rcoles en la Sala de Exposiciones \u00abManuel Belgrano\u00bb de la sede legislativa porte\u00f1a. Ver\u00f3nica G\u00f3mez, curadora de la muestra, afirm\u00f3 que \u00e9sta propuesta abstracta pl\u00e1stica refleja el trabajo arduo de cinco artistas que hace mucho que lo hacen juntas y durante la pandemia continuaron trav\u00e9s de un taller virtual. Las expositoras son Ana Amorsino, Andrea Scardaccione, In\u00e9s Lutz, Stella Quinteros y Susana Prati.<\/p>\n<p>G\u00f3mez, explic\u00f3 que la unidad de las obras se dio \u201ca trav\u00e9s de un camino de la creaci\u00f3n y sus altibajos. Cada una fue nutri\u00e9ndose de la palabra y la observaci\u00f3n de la otra. Aunadas en el taller, por momentos virtuales, por otros presencial, no dejaron de trabajar cada una en su obra y a la vez juntas. La muestra en su diversidad de formatos, colores y t\u00e9cnicas lo transmite, se siente la comunidad dentro de la singularidad de cada artista\u201d.<\/p>\n<p>La curadora valor\u00f3 el arte visual en \u201cun mundo donde la llegada de las im\u00e1genes se hace de manera muy superficial\u201d y la observaci\u00f3n, contemplaci\u00f3n y creaci\u00f3n, muchas veces es ignorada.<br \/>\nLa inauguraci\u00f3n estuvo a cargo del director de Asuntos Culturales y Patrimoniales, Juan Diego Bellocchio, en presencia de artistas, amigos y familiares invitados. Puede visitarse con entrada libre y gratuita, de lunes a viernes entre las 10 y 19. Se ingresa por Per\u00fa 160, hacia el Subsuelo, donde est\u00e1 ubicada la Sala de Exposiciones.<\/p>\n","protected":false},"excerpt":{"rendered":"<p>\u00abL\u00edneas de Fuerza\u00bb, puede ser apreciada con entrada libre y gratuita en la sede de la Legislatura.La muestra colectiva \u00abL\u00edneas de Fuerza\u00bb qued\u00f3 inaugurada ayer mi\u00e9rcoles en la Sala de Exposiciones \u00abManuel Belgrano\u00bb de la sede legislativa porte\u00f1a. Ver\u00f3nica G\u00f3mez, curadora de la muestra, afirm\u00f3 que \u00e9sta propuesta abstracta pl\u00e1stica refleja el trabajo arduo de [&hellip;]<\/p>\n","protected":false},"author":2,"featured_media":38244,"comment_status":"open","ping_status":"open","sticky":false,"template":"","format":"standard","meta":{"_et_pb_use_builder":"","_et_pb_old_content":"","_et_gb_content_width":"","footnotes":""},"categories":[11,33],"tags":[],"class_list":["post-38243","post","type-post","status-publish","format-standard","has-post-thumbnail","hentry","category-ciudad","category-sociedad-y-cultura-2"],"_links":{"self":[{"href":"https:\/\/vocesdebaires.com.ar\/index.php\/wp-json\/wp\/v2\/posts\/38243"}],"collection":[{"href":"https:\/\/vocesdebaires.com.ar\/index.php\/wp-json\/wp\/v2\/posts"}],"about":[{"href":"https:\/\/vocesdebaires.com.ar\/index.php\/wp-json\/wp\/v2\/types\/post"}],"author":[{"embeddable":true,"href":"https:\/\/vocesdebaires.com.ar\/index.php\/wp-json\/wp\/v2\/users\/2"}],"replies":[{"embeddable":true,"href":"https:\/\/vocesdebaires.com.ar\/index.php\/wp-json\/wp\/v2\/comments?post=38243"}],"version-history":[{"count":1,"href":"https:\/\/vocesdebaires.com.ar\/index.php\/wp-json\/wp\/v2\/posts\/38243\/revisions"}],"predecessor-version":[{"id":38245,"href":"https:\/\/vocesdebaires.com.ar\/index.php\/wp-json\/wp\/v2\/posts\/38243\/revisions\/38245"}],"wp:featuredmedia":[{"embeddable":true,"href":"https:\/\/vocesdebaires.com.ar\/index.php\/wp-json\/wp\/v2\/media\/38244"}],"wp:attachment":[{"href":"https:\/\/vocesdebaires.com.ar\/index.php\/wp-json\/wp\/v2\/media?parent=38243"}],"wp:term":[{"taxonomy":"category","embeddable":true,"href":"https:\/\/vocesdebaires.com.ar\/index.php\/wp-json\/wp\/v2\/categories?post=38243"},{"taxonomy":"post_tag","embeddable":true,"href":"https:\/\/vocesdebaires.com.ar\/index.php\/wp-json\/wp\/v2\/tags?post=38243"}],"curies":[{"name":"wp","href":"https:\/\/api.w.org\/{rel}","templated":true}]}}