{"id":38254,"date":"2022-05-13T11:16:05","date_gmt":"2022-05-13T14:16:05","guid":{"rendered":"https:\/\/vocesdebaires.com.ar\/?p=38254"},"modified":"2022-05-13T11:16:05","modified_gmt":"2022-05-13T14:16:05","slug":"el-secretario-de-la-oea-hablo-en-una-actividad-en-la-legislatura","status":"publish","type":"post","link":"https:\/\/vocesdebaires.com.ar\/index.php\/2022\/05\/13\/el-secretario-de-la-oea-hablo-en-una-actividad-en-la-legislatura\/","title":{"rendered":"El secretario de la OEA habl\u00f3 en una actividad en la Legislatura"},"content":{"rendered":"<p>El secretario general de la Organizaci\u00f3n de Estados Americanos (OEA) Luis Almagro brind\u00f3 una teleconferencia en el Sal\u00f3n San Mart\u00edn, donde fue presentado por el Vicepresidente II de la Legislatura porte\u00f1a, diputado Mart\u00edn Ocampo (UCR-Ev) en el contexto de una charla organizada por la Academia Nacional de Ciencias Morales y Pol\u00edticas. Almagro analiz\u00f3 el funcionamiento del sistema econ\u00f3mico en el continente y el acceso a derechos. Tom\u00f3 como punto de partida la Carta Social de la OEA, la cual estableci\u00f3 que: \u201clos pueblos de Am\u00e9rica tienen una leg\u00edtima aspiraci\u00f3n a la justicia social y sus gobiernos la responsabilidad de promoverla.<\/p>\n<p>El desarrollo con equidad fortalece y consolida la democracia, en tanto son interdependientes y se refuerzan mutuamente\u201d. Afirm\u00f3 que el camino es \u201cm\u00e1s derechos para m\u00e1s personas\u201d, aunque alert\u00f3 que las consecuencias de la pandemia fueron negativas para los loables objetivos; ya que produjo m\u00e1s brecha entre los diferentes estratos sociales y m\u00e1s desigualdad. El secretario general, nacido en Uruguay, describi\u00f3 a Am\u00e9rica Latina como \u201cel epicentro de la pandemia\u201d que afect\u00f3 a los \u201csectores m\u00e1s vulnerables de la regi\u00f3n\u201d.<\/p>\n<p>Esto produjo un \u201cdescontento social\u201d que se tradujo en \u201cuna mayor insatisfacci\u00f3n con la democracia relacionado con el pesimismo econ\u00f3mico\u201d. Si bien reconoci\u00f3 que en el 2021 hubo recuperaci\u00f3n econ\u00f3mica, \u00e9sta no logr\u00f3 \u201crevertir la ca\u00edda\u201d. Y que en 2022, los problemas de la pandemia se vieron agravados por la guerra en Ucrania, que produjo una aceleraci\u00f3n de la inflaci\u00f3n a nivel regional y un encarecimiento de los alimentos y la energ\u00eda, que perjudic\u00f3 a la mayor\u00eda de la poblaci\u00f3n.<\/p>\n<p><strong>Sobre Luis Almagro<\/strong><br \/>\nEl 20 de marzo de 2020 fue reelegido para un segundo mandato como secretario general de la OEA, y ven\u00eda si\u00e9ndolo desde el 18 de marzo de 2015, con el apoyo de 33 de los 34 Estados Miembros y una abstenci\u00f3n.Al asumir la conducci\u00f3n del organismo anunci\u00f3 que el buque insignia de su administraci\u00f3n es \u201cm\u00e1s derechos para m\u00e1s gente\u201d y que trabajar\u00eda para \u201cser la voz de los que no tienen voz\u201d. Diplom\u00e1tico de carrera, lleg\u00f3 a ser canciller de su pa\u00eds entre 2010 y 2015. Bajo su gesti\u00f3n, Uruguay bati\u00f3 el r\u00e9cord de exportaciones a\u00f1o tras a\u00f1o. Asimismo, defini\u00f3 diversas iniciativas emblem\u00e1ticas del gobierno del presidente Jos\u00e9 Mujica, como la de recibir a personas privadas de libertad de la c\u00e1rcel de Guant\u00e1namo, entre otras.<\/p>\n","protected":false},"excerpt":{"rendered":"<p>El secretario general de la Organizaci\u00f3n de Estados Americanos (OEA) Luis Almagro brind\u00f3 una teleconferencia en el Sal\u00f3n San Mart\u00edn, donde fue presentado por el Vicepresidente II de la Legislatura porte\u00f1a, diputado Mart\u00edn Ocampo (UCR-Ev) en el contexto de una charla organizada por la Academia Nacional de Ciencias Morales y Pol\u00edticas. Almagro analiz\u00f3 el funcionamiento [&hellip;]<\/p>\n","protected":false},"author":2,"featured_media":38255,"comment_status":"open","ping_status":"open","sticky":false,"template":"","format":"standard","meta":{"_et_pb_use_builder":"","_et_pb_old_content":"","_et_gb_content_width":"","footnotes":""},"categories":[11,33],"tags":[],"class_list":["post-38254","post","type-post","status-publish","format-standard","has-post-thumbnail","hentry","category-ciudad","category-sociedad-y-cultura-2"],"_links":{"self":[{"href":"https:\/\/vocesdebaires.com.ar\/index.php\/wp-json\/wp\/v2\/posts\/38254"}],"collection":[{"href":"https:\/\/vocesdebaires.com.ar\/index.php\/wp-json\/wp\/v2\/posts"}],"about":[{"href":"https:\/\/vocesdebaires.com.ar\/index.php\/wp-json\/wp\/v2\/types\/post"}],"author":[{"embeddable":true,"href":"https:\/\/vocesdebaires.com.ar\/index.php\/wp-json\/wp\/v2\/users\/2"}],"replies":[{"embeddable":true,"href":"https:\/\/vocesdebaires.com.ar\/index.php\/wp-json\/wp\/v2\/comments?post=38254"}],"version-history":[{"count":1,"href":"https:\/\/vocesdebaires.com.ar\/index.php\/wp-json\/wp\/v2\/posts\/38254\/revisions"}],"predecessor-version":[{"id":38256,"href":"https:\/\/vocesdebaires.com.ar\/index.php\/wp-json\/wp\/v2\/posts\/38254\/revisions\/38256"}],"wp:featuredmedia":[{"embeddable":true,"href":"https:\/\/vocesdebaires.com.ar\/index.php\/wp-json\/wp\/v2\/media\/38255"}],"wp:attachment":[{"href":"https:\/\/vocesdebaires.com.ar\/index.php\/wp-json\/wp\/v2\/media?parent=38254"}],"wp:term":[{"taxonomy":"category","embeddable":true,"href":"https:\/\/vocesdebaires.com.ar\/index.php\/wp-json\/wp\/v2\/categories?post=38254"},{"taxonomy":"post_tag","embeddable":true,"href":"https:\/\/vocesdebaires.com.ar\/index.php\/wp-json\/wp\/v2\/tags?post=38254"}],"curies":[{"name":"wp","href":"https:\/\/api.w.org\/{rel}","templated":true}]}}