{"id":38257,"date":"2022-05-13T11:18:20","date_gmt":"2022-05-13T14:18:20","guid":{"rendered":"https:\/\/vocesdebaires.com.ar\/?p=38257"},"modified":"2022-05-13T11:18:20","modified_gmt":"2022-05-13T14:18:20","slug":"en-la-legislatura-portena-ciclo-de-tango-primera-fecha","status":"publish","type":"post","link":"https:\/\/vocesdebaires.com.ar\/index.php\/2022\/05\/13\/en-la-legislatura-portena-ciclo-de-tango-primera-fecha\/","title":{"rendered":"En la legislatura porte\u00f1a: Ciclo de Tango, Primera fecha"},"content":{"rendered":"<p>El encuentro es organizado por la Direcci\u00f3n General de Asuntos Culturales y Patrimoniales de la Legislatura de la Ciudad Aut\u00f3noma de Buenos Aires. Abierto al p\u00fablico con entrada por Per\u00fa 160, aforo limitado por orden de llegada. En esta oportunidad se presentan dos grandes exponentes de nuestro tango porte\u00f1o con m\u00fasica en vivo, repasar\u00e1n obras cl\u00e1sicas y nuevas canciones de su repertorio.<\/p>\n<p><strong>Pe\u00f1eros de Buenos Aires<\/strong><br \/>\nCarlos Chino Ramos es cantor de tangos, uruguayo, radicado en Buenos Aires desde el a\u00f1o 1967. Junto al maestro Alberto Becerra formaron en el a\u00f1o 2017 el grupo Pe\u00f1eros de Buenos Aires. Cantan, bailan, recitan y han recorrido varias de las provincias argentinas y el exterior, como Uruguay, Chile y Paraguay. Acompa\u00f1a tambi\u00e9n el maestro Roberto Jaime.<\/p>\n<p><strong>Flor de L\u00eco y Victoria Mor\u00e1n<\/strong><br \/>\nLa agrupaci\u00f3n de tango Flor de L\u00edo, integrada por Florencia Amengual en bandone\u00f3n, Lionel M\u00f3rtola en contrabajo y Esteban Jusid en guitarra, hace un repaso por sus siete a\u00f1os de historia, presentando obras cl\u00e1sicas del g\u00e9nero y composiciones propias, junto a Victoria Mor\u00e1n en la voz. Piazzolla, Troilo, Salg\u00e1n, Arolas, De Caro, son algunos de los maestros que se dan cita en este encuentro.<\/p>\n","protected":false},"excerpt":{"rendered":"<p>El encuentro es organizado por la Direcci\u00f3n General de Asuntos Culturales y Patrimoniales de la Legislatura de la Ciudad Aut\u00f3noma de Buenos Aires. Abierto al p\u00fablico con entrada por Per\u00fa 160, aforo limitado por orden de llegada. En esta oportunidad se presentan dos grandes exponentes de nuestro tango porte\u00f1o con m\u00fasica en vivo, repasar\u00e1n obras [&hellip;]<\/p>\n","protected":false},"author":2,"featured_media":38258,"comment_status":"open","ping_status":"open","sticky":false,"template":"","format":"standard","meta":{"_et_pb_use_builder":"","_et_pb_old_content":"","_et_gb_content_width":"","footnotes":""},"categories":[11,33],"tags":[],"class_list":["post-38257","post","type-post","status-publish","format-standard","has-post-thumbnail","hentry","category-ciudad","category-sociedad-y-cultura-2"],"_links":{"self":[{"href":"https:\/\/vocesdebaires.com.ar\/index.php\/wp-json\/wp\/v2\/posts\/38257"}],"collection":[{"href":"https:\/\/vocesdebaires.com.ar\/index.php\/wp-json\/wp\/v2\/posts"}],"about":[{"href":"https:\/\/vocesdebaires.com.ar\/index.php\/wp-json\/wp\/v2\/types\/post"}],"author":[{"embeddable":true,"href":"https:\/\/vocesdebaires.com.ar\/index.php\/wp-json\/wp\/v2\/users\/2"}],"replies":[{"embeddable":true,"href":"https:\/\/vocesdebaires.com.ar\/index.php\/wp-json\/wp\/v2\/comments?post=38257"}],"version-history":[{"count":1,"href":"https:\/\/vocesdebaires.com.ar\/index.php\/wp-json\/wp\/v2\/posts\/38257\/revisions"}],"predecessor-version":[{"id":38259,"href":"https:\/\/vocesdebaires.com.ar\/index.php\/wp-json\/wp\/v2\/posts\/38257\/revisions\/38259"}],"wp:featuredmedia":[{"embeddable":true,"href":"https:\/\/vocesdebaires.com.ar\/index.php\/wp-json\/wp\/v2\/media\/38258"}],"wp:attachment":[{"href":"https:\/\/vocesdebaires.com.ar\/index.php\/wp-json\/wp\/v2\/media?parent=38257"}],"wp:term":[{"taxonomy":"category","embeddable":true,"href":"https:\/\/vocesdebaires.com.ar\/index.php\/wp-json\/wp\/v2\/categories?post=38257"},{"taxonomy":"post_tag","embeddable":true,"href":"https:\/\/vocesdebaires.com.ar\/index.php\/wp-json\/wp\/v2\/tags?post=38257"}],"curies":[{"name":"wp","href":"https:\/\/api.w.org\/{rel}","templated":true}]}}