{"id":38260,"date":"2022-05-13T11:20:01","date_gmt":"2022-05-13T14:20:01","guid":{"rendered":"https:\/\/vocesdebaires.com.ar\/?p=38260"},"modified":"2022-05-13T11:28:40","modified_gmt":"2022-05-13T14:28:40","slug":"ciudad-de-buenos-airesaprueban-ley-para-fortalecer-la-carrera-docente","status":"publish","type":"post","link":"https:\/\/vocesdebaires.com.ar\/index.php\/2022\/05\/13\/ciudad-de-buenos-airesaprueban-ley-para-fortalecer-la-carrera-docente\/","title":{"rendered":"Ciudad de Buenos Aires:Aprueban ley para fortalecer la carrera docente"},"content":{"rendered":"<p>La Legislatura aprob\u00f3 en la sesi\u00f3n ordinaria de ayer jueves presidida por el Vice 1\u00ba legislador Emmanuel Ferrario una serie de modificaciones y agregados al Estatuto Docente de la Ciudad con el objetivo de fortalecer la carrera educativa, mediante cursos de ascensos, capacitaci\u00f3n e incentivos que ponderen el trabajo de ense\u00f1anza en las aulas. La norma detalla en su primer art\u00edculo que \u201cla finalidad de la ley es promover la actualizaci\u00f3n, formaci\u00f3n continua y desarrollo profesional de los\/las docentes\u201d y agrega en su art. 2do que \u201ctiene como objeto fortalecer la carrera docente a trav\u00e9s de la incorporaci\u00f3n de oportunidades de desempe\u00f1o en el aula\u201d.<\/p>\n<p>Tambi\u00e9n define a la carrera docente como \u201cel recorrido que se inicia con el ingreso por el cargo de menor jerarqu\u00eda de los escalafones y la posibilidad posterior de ascender a trav\u00e9s de cargos de desempe\u00f1o en el aula, de coordinaci\u00f3n, de conducci\u00f3n o de supervisi\u00f3n\u201d. El texto sobre las bancas, despacho de mayor\u00eda de las comisiones de Educaci\u00f3n, Legislaci\u00f3n del trabajo y Presupuesto tuvo 33 art\u00edculos y 17 cl\u00e1usulas transitorias. Las modificaciones al Estatuto del Docente fueron aprobadas con 32 votos positivos de VJ, UCR, PS y RU y 27 votos negativos de FdT, LLA, FIT y CF, luego de un debate en el que participaron diputados de todos los bloques<\/p>\n","protected":false},"excerpt":{"rendered":"<p>La Legislatura aprob\u00f3 en la sesi\u00f3n ordinaria de ayer jueves presidida por el Vice 1\u00ba legislador Emmanuel Ferrario una serie de modificaciones y agregados al Estatuto Docente de la Ciudad con el objetivo de fortalecer la carrera educativa, mediante cursos de ascensos, capacitaci\u00f3n e incentivos que ponderen el trabajo de ense\u00f1anza en las aulas. La [&hellip;]<\/p>\n","protected":false},"author":2,"featured_media":38270,"comment_status":"open","ping_status":"open","sticky":false,"template":"","format":"standard","meta":{"_et_pb_use_builder":"","_et_pb_old_content":"","_et_gb_content_width":"","footnotes":""},"categories":[11,33],"tags":[],"class_list":["post-38260","post","type-post","status-publish","format-standard","has-post-thumbnail","hentry","category-ciudad","category-sociedad-y-cultura-2"],"_links":{"self":[{"href":"https:\/\/vocesdebaires.com.ar\/index.php\/wp-json\/wp\/v2\/posts\/38260"}],"collection":[{"href":"https:\/\/vocesdebaires.com.ar\/index.php\/wp-json\/wp\/v2\/posts"}],"about":[{"href":"https:\/\/vocesdebaires.com.ar\/index.php\/wp-json\/wp\/v2\/types\/post"}],"author":[{"embeddable":true,"href":"https:\/\/vocesdebaires.com.ar\/index.php\/wp-json\/wp\/v2\/users\/2"}],"replies":[{"embeddable":true,"href":"https:\/\/vocesdebaires.com.ar\/index.php\/wp-json\/wp\/v2\/comments?post=38260"}],"version-history":[{"count":1,"href":"https:\/\/vocesdebaires.com.ar\/index.php\/wp-json\/wp\/v2\/posts\/38260\/revisions"}],"predecessor-version":[{"id":38262,"href":"https:\/\/vocesdebaires.com.ar\/index.php\/wp-json\/wp\/v2\/posts\/38260\/revisions\/38262"}],"wp:featuredmedia":[{"embeddable":true,"href":"https:\/\/vocesdebaires.com.ar\/index.php\/wp-json\/wp\/v2\/media\/38270"}],"wp:attachment":[{"href":"https:\/\/vocesdebaires.com.ar\/index.php\/wp-json\/wp\/v2\/media?parent=38260"}],"wp:term":[{"taxonomy":"category","embeddable":true,"href":"https:\/\/vocesdebaires.com.ar\/index.php\/wp-json\/wp\/v2\/categories?post=38260"},{"taxonomy":"post_tag","embeddable":true,"href":"https:\/\/vocesdebaires.com.ar\/index.php\/wp-json\/wp\/v2\/tags?post=38260"}],"curies":[{"name":"wp","href":"https:\/\/api.w.org\/{rel}","templated":true}]}}