{"id":38263,"date":"2022-05-13T11:22:19","date_gmt":"2022-05-13T14:22:19","guid":{"rendered":"https:\/\/vocesdebaires.com.ar\/?p=38263"},"modified":"2022-05-13T11:22:19","modified_gmt":"2022-05-13T14:22:19","slug":"ciudadpersonalidades-destacadaslas-educadoras-de-malvinas","status":"publish","type":"post","link":"https:\/\/vocesdebaires.com.ar\/index.php\/2022\/05\/13\/ciudadpersonalidades-destacadaslas-educadoras-de-malvinas\/","title":{"rendered":"Ciudad:Personalidades Destacadas,Las educadoras de Malvinas"},"content":{"rendered":"<p>Por iniciativa del bloque UCR\/Ev, se declar\u00f3 Personalidades Destacadas de la Ciudad Aut\u00f3noma de Buenos Aires en el \u00e1mbito de la Educaci\u00f3n a Mar\u00eda Teresa Ca\u00f1as, Mar\u00eda Fernanda Ca\u00f1\u00e1s, Marta Grace Tricotti, Teresa Volpe, Mar\u00eda Eugenia Grecco, Lilian Garc\u00eda, Nora Prietto, Maurice Mathews, Alicia Zapata, Mar\u00eda Isabel Hoffmann y Mar\u00eda Alejandra Hills. Todas ellas se desempe\u00f1aron como docentes de espa\u00f1ol y agentes culturales exteriores en las Islas Malvinas desde 1972 y hasta el final de la guerra de 1982, como consecuencia de acuerdos diplom\u00e1ticos de intercambio cultural anglo-argentinos gestados durante la presidencia de Arturo Illia.<\/p>\n<p>Ese personal docente enviado a las islas (con mayor\u00eda de residentes en la Ciudad) fue protagonista de difundir, transmitir y enarbolar el idioma castellano en los alumnos de los colegios primario Stanley Juniors School y secundarios Sr. Paul Gaskin y Community School. Tambi\u00e9n comenzaron a transmitir, educar e internalizar nuestra lengua al personal del hospital, al pastor anglicano y a diferentes estratos etarios y sociales, a trav\u00e9s de la radio isle\u00f1a.<\/p>\n","protected":false},"excerpt":{"rendered":"<p>Por iniciativa del bloque UCR\/Ev, se declar\u00f3 Personalidades Destacadas de la Ciudad Aut\u00f3noma de Buenos Aires en el \u00e1mbito de la Educaci\u00f3n a Mar\u00eda Teresa Ca\u00f1as, Mar\u00eda Fernanda Ca\u00f1\u00e1s, Marta Grace Tricotti, Teresa Volpe, Mar\u00eda Eugenia Grecco, Lilian Garc\u00eda, Nora Prietto, Maurice Mathews, Alicia Zapata, Mar\u00eda Isabel Hoffmann y Mar\u00eda Alejandra Hills. Todas ellas se [&hellip;]<\/p>\n","protected":false},"author":2,"featured_media":38264,"comment_status":"open","ping_status":"open","sticky":false,"template":"","format":"standard","meta":{"_et_pb_use_builder":"","_et_pb_old_content":"","_et_gb_content_width":"","footnotes":""},"categories":[11,33],"tags":[],"class_list":["post-38263","post","type-post","status-publish","format-standard","has-post-thumbnail","hentry","category-ciudad","category-sociedad-y-cultura-2"],"_links":{"self":[{"href":"https:\/\/vocesdebaires.com.ar\/index.php\/wp-json\/wp\/v2\/posts\/38263"}],"collection":[{"href":"https:\/\/vocesdebaires.com.ar\/index.php\/wp-json\/wp\/v2\/posts"}],"about":[{"href":"https:\/\/vocesdebaires.com.ar\/index.php\/wp-json\/wp\/v2\/types\/post"}],"author":[{"embeddable":true,"href":"https:\/\/vocesdebaires.com.ar\/index.php\/wp-json\/wp\/v2\/users\/2"}],"replies":[{"embeddable":true,"href":"https:\/\/vocesdebaires.com.ar\/index.php\/wp-json\/wp\/v2\/comments?post=38263"}],"version-history":[{"count":1,"href":"https:\/\/vocesdebaires.com.ar\/index.php\/wp-json\/wp\/v2\/posts\/38263\/revisions"}],"predecessor-version":[{"id":38265,"href":"https:\/\/vocesdebaires.com.ar\/index.php\/wp-json\/wp\/v2\/posts\/38263\/revisions\/38265"}],"wp:featuredmedia":[{"embeddable":true,"href":"https:\/\/vocesdebaires.com.ar\/index.php\/wp-json\/wp\/v2\/media\/38264"}],"wp:attachment":[{"href":"https:\/\/vocesdebaires.com.ar\/index.php\/wp-json\/wp\/v2\/media?parent=38263"}],"wp:term":[{"taxonomy":"category","embeddable":true,"href":"https:\/\/vocesdebaires.com.ar\/index.php\/wp-json\/wp\/v2\/categories?post=38263"},{"taxonomy":"post_tag","embeddable":true,"href":"https:\/\/vocesdebaires.com.ar\/index.php\/wp-json\/wp\/v2\/tags?post=38263"}],"curies":[{"name":"wp","href":"https:\/\/api.w.org\/{rel}","templated":true}]}}