{"id":38266,"date":"2022-05-13T11:26:36","date_gmt":"2022-05-13T14:26:36","guid":{"rendered":"https:\/\/vocesdebaires.com.ar\/?p=38266"},"modified":"2022-05-13T11:26:36","modified_gmt":"2022-05-13T14:26:36","slug":"legislatura-portena-un-proyecto-sobre-el-acarreo-de-de-vehiculos","status":"publish","type":"post","link":"https:\/\/vocesdebaires.com.ar\/index.php\/2022\/05\/13\/legislatura-portena-un-proyecto-sobre-el-acarreo-de-de-vehiculos\/","title":{"rendered":"Legislatura porte\u00f1a: Un proyecto sobre el acarreo de de veh\u00edculos"},"content":{"rendered":"<p>Con despacho de la Comisi\u00f3n de Tr\u00e1nsito y Transporte, el cuerpo parlamentario de la Ciudad aprob\u00f3 en la sesi\u00f3n de ayer jueves un proyecto del Poder Ejecutivo sobre \u201cProcedimiento para disposici\u00f3n de veh\u00edculos acarreados y no retirados\u201d.Se legisl\u00f3 lo siguiente: \u201cTranscurridos 10 d\u00edas h\u00e1biles desde la guarda del veh\u00edculo acarreado y no retirado por cualquiera de las razones establecidas en el Servicio de Gr\u00faas, se librar\u00e1 notificaci\u00f3n al titular dominial para que proceda a su retiro del lugar en que se hubiera dispuesto su guarda, dentro de los 15 d\u00edas h\u00e1biles desde la fecha de su notificaci\u00f3n, bajo apercibimiento de considerar al veh\u00edculo como abandonado.<\/p>\n<p>\u201cAntes del vencimiento de dicho plazo, el titular o quien acredite la posesi\u00f3n y\/o un inter\u00e9s leg\u00edtimo sobre el veh\u00edculo podr\u00e1 pedir una pr\u00f3rroga \u00fanica por 10 d\u00edas corridos. En el caso que el interesado requiera la extensi\u00f3n del plazo hasta la conclusi\u00f3n del tr\u00e1mite para la obtenci\u00f3n de la documentaci\u00f3n dominial faltante u otras causales de fuerza mayor, por una raz\u00f3n no imputable a \u00e9l y lo acredite, ser\u00e1 la Autoridad de Aplicaci\u00f3n quien determinar\u00e1 los requisitos y condiciones para su otorgamiento.\u00bb Tambi\u00e9n se actualiz\u00f3 la normativa sobre disposici\u00f3n de los veh\u00edculos acarreados y no recuperados por sus propietarios.<\/p>\n","protected":false},"excerpt":{"rendered":"<p>Con despacho de la Comisi\u00f3n de Tr\u00e1nsito y Transporte, el cuerpo parlamentario de la Ciudad aprob\u00f3 en la sesi\u00f3n de ayer jueves un proyecto del Poder Ejecutivo sobre \u201cProcedimiento para disposici\u00f3n de veh\u00edculos acarreados y no retirados\u201d.Se legisl\u00f3 lo siguiente: \u201cTranscurridos 10 d\u00edas h\u00e1biles desde la guarda del veh\u00edculo acarreado y no retirado por cualquiera [&hellip;]<\/p>\n","protected":false},"author":2,"featured_media":38267,"comment_status":"open","ping_status":"open","sticky":false,"template":"","format":"standard","meta":{"_et_pb_use_builder":"","_et_pb_old_content":"","_et_gb_content_width":"","footnotes":""},"categories":[11,33],"tags":[],"class_list":["post-38266","post","type-post","status-publish","format-standard","has-post-thumbnail","hentry","category-ciudad","category-sociedad-y-cultura-2"],"_links":{"self":[{"href":"https:\/\/vocesdebaires.com.ar\/index.php\/wp-json\/wp\/v2\/posts\/38266"}],"collection":[{"href":"https:\/\/vocesdebaires.com.ar\/index.php\/wp-json\/wp\/v2\/posts"}],"about":[{"href":"https:\/\/vocesdebaires.com.ar\/index.php\/wp-json\/wp\/v2\/types\/post"}],"author":[{"embeddable":true,"href":"https:\/\/vocesdebaires.com.ar\/index.php\/wp-json\/wp\/v2\/users\/2"}],"replies":[{"embeddable":true,"href":"https:\/\/vocesdebaires.com.ar\/index.php\/wp-json\/wp\/v2\/comments?post=38266"}],"version-history":[{"count":1,"href":"https:\/\/vocesdebaires.com.ar\/index.php\/wp-json\/wp\/v2\/posts\/38266\/revisions"}],"predecessor-version":[{"id":38268,"href":"https:\/\/vocesdebaires.com.ar\/index.php\/wp-json\/wp\/v2\/posts\/38266\/revisions\/38268"}],"wp:featuredmedia":[{"embeddable":true,"href":"https:\/\/vocesdebaires.com.ar\/index.php\/wp-json\/wp\/v2\/media\/38267"}],"wp:attachment":[{"href":"https:\/\/vocesdebaires.com.ar\/index.php\/wp-json\/wp\/v2\/media?parent=38266"}],"wp:term":[{"taxonomy":"category","embeddable":true,"href":"https:\/\/vocesdebaires.com.ar\/index.php\/wp-json\/wp\/v2\/categories?post=38266"},{"taxonomy":"post_tag","embeddable":true,"href":"https:\/\/vocesdebaires.com.ar\/index.php\/wp-json\/wp\/v2\/tags?post=38266"}],"curies":[{"name":"wp","href":"https:\/\/api.w.org\/{rel}","templated":true}]}}