{"id":38293,"date":"2022-05-16T00:14:51","date_gmt":"2022-05-16T03:14:51","guid":{"rendered":"https:\/\/vocesdebaires.com.ar\/?p=38293"},"modified":"2022-05-16T00:15:59","modified_gmt":"2022-05-16T03:15:59","slug":"jorge-macri-esta-ley-la-ciudad-sigue-apostando-a-una-educacion-de-calidad","status":"publish","type":"post","link":"https:\/\/vocesdebaires.com.ar\/index.php\/2022\/05\/16\/jorge-macri-esta-ley-la-ciudad-sigue-apostando-a-una-educacion-de-calidad\/","title":{"rendered":"Jorge Macri: \u201cEsta ley sigue apostando a una educaci\u00f3n de calidad\u201d"},"content":{"rendered":"<p>As\u00ed lo dijo el Ministro de Gobierno, Jorge Macri, en la conferencia de prensa donde se present\u00f3 la reforma del estatuto docente en la Ciudad de Buenos Aires. Tambi\u00e9n, dijo: \u201cEsta ley es una clara muestra y una mejora para la experiencia en el aula. Le da la posibilidad al docente de formarse y que pueda construir carrera. Esto permitir\u00e1 formar docentes capaces de afrontar los desaf\u00edos educativos del siglo XXI\u201d. Sobre la inflaci\u00f3n, expres\u00f3: \u201cEl problema de la guerra contra la inflaci\u00f3n es que la pierden los argentinos, el laburante, el jubilado y el profesional. Me gustar\u00eda que el presidente gobierne. Parece que estamos en un avi\u00f3n donde el piloto y la copiloto discuten quien tiene la culpa y vamos en picada, en lugar de ocuparse de nivelar el avi\u00f3n, est\u00e1n en la lucha de quien es la culpa \u00faltima antes de que el avi\u00f3n se estrelle\u00bb.<\/p>\n","protected":false},"excerpt":{"rendered":"<p>As\u00ed lo dijo el Ministro de Gobierno, Jorge Macri, en la conferencia de prensa donde se present\u00f3 la reforma del estatuto docente en la Ciudad de Buenos Aires. Tambi\u00e9n, dijo: \u201cEsta ley es una clara muestra y una mejora para la experiencia en el aula. Le da la posibilidad al docente de formarse y que [&hellip;]<\/p>\n","protected":false},"author":2,"featured_media":38294,"comment_status":"open","ping_status":"open","sticky":false,"template":"","format":"standard","meta":{"_et_pb_use_builder":"","_et_pb_old_content":"","_et_gb_content_width":"","footnotes":""},"categories":[11,33],"tags":[],"class_list":["post-38293","post","type-post","status-publish","format-standard","has-post-thumbnail","hentry","category-ciudad","category-sociedad-y-cultura-2"],"_links":{"self":[{"href":"https:\/\/vocesdebaires.com.ar\/index.php\/wp-json\/wp\/v2\/posts\/38293"}],"collection":[{"href":"https:\/\/vocesdebaires.com.ar\/index.php\/wp-json\/wp\/v2\/posts"}],"about":[{"href":"https:\/\/vocesdebaires.com.ar\/index.php\/wp-json\/wp\/v2\/types\/post"}],"author":[{"embeddable":true,"href":"https:\/\/vocesdebaires.com.ar\/index.php\/wp-json\/wp\/v2\/users\/2"}],"replies":[{"embeddable":true,"href":"https:\/\/vocesdebaires.com.ar\/index.php\/wp-json\/wp\/v2\/comments?post=38293"}],"version-history":[{"count":2,"href":"https:\/\/vocesdebaires.com.ar\/index.php\/wp-json\/wp\/v2\/posts\/38293\/revisions"}],"predecessor-version":[{"id":38296,"href":"https:\/\/vocesdebaires.com.ar\/index.php\/wp-json\/wp\/v2\/posts\/38293\/revisions\/38296"}],"wp:featuredmedia":[{"embeddable":true,"href":"https:\/\/vocesdebaires.com.ar\/index.php\/wp-json\/wp\/v2\/media\/38294"}],"wp:attachment":[{"href":"https:\/\/vocesdebaires.com.ar\/index.php\/wp-json\/wp\/v2\/media?parent=38293"}],"wp:term":[{"taxonomy":"category","embeddable":true,"href":"https:\/\/vocesdebaires.com.ar\/index.php\/wp-json\/wp\/v2\/categories?post=38293"},{"taxonomy":"post_tag","embeddable":true,"href":"https:\/\/vocesdebaires.com.ar\/index.php\/wp-json\/wp\/v2\/tags?post=38293"}],"curies":[{"name":"wp","href":"https:\/\/api.w.org\/{rel}","templated":true}]}}