{"id":38297,"date":"2022-05-16T00:19:55","date_gmt":"2022-05-16T03:19:55","guid":{"rendered":"https:\/\/vocesdebaires.com.ar\/?p=38297"},"modified":"2022-05-16T00:19:55","modified_gmt":"2022-05-16T03:19:55","slug":"conveniofirmaron-entre-ciudad-y-trabajadores-de-carga-y-descarga","status":"publish","type":"post","link":"https:\/\/vocesdebaires.com.ar\/index.php\/2022\/05\/16\/conveniofirmaron-entre-ciudad-y-trabajadores-de-carga-y-descarga\/","title":{"rendered":"Convenio:Firmaron entre Ciudad y Trabajadores de Carga y Descarga"},"content":{"rendered":"<p>El subsecretario de Trabajo, Industria y Comercio de la Ciudad, Ezequiel Jarvis, y el secretario General del Sindicato de Carga y Descarga de la Rep\u00fablica Argentina, Daniel Vila, firmaron hoy un convenio de cooperaci\u00f3n, comprometi\u00e9ndose a desempe\u00f1ar acciones de colaboraci\u00f3n para desarrollar gestiones de prevenci\u00f3n, capacitaci\u00f3n y asistencia en materia laboral. \u201cLa firma de este convenio representa un compromiso de seguir articulando pol\u00edticas p\u00fablicas que generen trabajo de calidad.<\/p>\n<p>Buscamos garantizar mejores condiciones laborales para los trabajadores de la Ciudad, y la firma de hoy establece la realizaci\u00f3n de acciones para detectar el trabajo no registrado y el no cumplimiento de las normas laborales sobre empleo, relaciones individuales, colectivas e inspectivas y garantizar condiciones \u00f3ptimas de higiene y seguridad en el trabajo que permitan cuidar la salud de todos y prevenir accidentes\u201d, destac\u00f3 el subsecretario Ezequiel Jarvis.<\/p>\n<p>Por su parte, Daniel Vila afirm\u00f3: \u201cHoy, con el subsecretario de Trabajo de la Ciudad, Ezequiel Jarvis, hemos firmado un convenio de cooperaci\u00f3n por el trabajo no registrado, y a la vez tambi\u00e9n incluimos lo que es la capacitaci\u00f3n para los delegados sindicales, que permita fortalecer lo que son las inspecciones laborales. Nos coordinamos en conjunto ya hace bastante tiempo con una sola meta: trabajar pura y exclusivamente por los trabajadores y trabajadoras\u201d.<\/p>\n<p>Como expresaron ambas partes, el convenio tambi\u00e9n establece la planificaci\u00f3n y dictado de capacitaciones para delegados, trabajadores y empleadores de la actividad en cuanto a la seguridad social, prevenci\u00f3n de los riesgos del trabajo y consumos problem\u00e1ticos y, de esta forma, poder realizar su trabajo con herramientas y conocimientos actualizados al mundo laboral actual. Durante el encuentro tambi\u00e9n estuvieron presentes Marcelo Bouzas, director General de Asuntos Gremiales y Formaci\u00f3n Sindical; y Claudia Testa, directora General de Trabajo Decente y Relaciones Laborales.<\/p>\n","protected":false},"excerpt":{"rendered":"<p>El subsecretario de Trabajo, Industria y Comercio de la Ciudad, Ezequiel Jarvis, y el secretario General del Sindicato de Carga y Descarga de la Rep\u00fablica Argentina, Daniel Vila, firmaron hoy un convenio de cooperaci\u00f3n, comprometi\u00e9ndose a desempe\u00f1ar acciones de colaboraci\u00f3n para desarrollar gestiones de prevenci\u00f3n, capacitaci\u00f3n y asistencia en materia laboral. \u201cLa firma de este [&hellip;]<\/p>\n","protected":false},"author":2,"featured_media":38298,"comment_status":"open","ping_status":"open","sticky":false,"template":"","format":"standard","meta":{"_et_pb_use_builder":"","_et_pb_old_content":"","_et_gb_content_width":"","footnotes":""},"categories":[11,33],"tags":[],"class_list":["post-38297","post","type-post","status-publish","format-standard","has-post-thumbnail","hentry","category-ciudad","category-sociedad-y-cultura-2"],"_links":{"self":[{"href":"https:\/\/vocesdebaires.com.ar\/index.php\/wp-json\/wp\/v2\/posts\/38297"}],"collection":[{"href":"https:\/\/vocesdebaires.com.ar\/index.php\/wp-json\/wp\/v2\/posts"}],"about":[{"href":"https:\/\/vocesdebaires.com.ar\/index.php\/wp-json\/wp\/v2\/types\/post"}],"author":[{"embeddable":true,"href":"https:\/\/vocesdebaires.com.ar\/index.php\/wp-json\/wp\/v2\/users\/2"}],"replies":[{"embeddable":true,"href":"https:\/\/vocesdebaires.com.ar\/index.php\/wp-json\/wp\/v2\/comments?post=38297"}],"version-history":[{"count":1,"href":"https:\/\/vocesdebaires.com.ar\/index.php\/wp-json\/wp\/v2\/posts\/38297\/revisions"}],"predecessor-version":[{"id":38299,"href":"https:\/\/vocesdebaires.com.ar\/index.php\/wp-json\/wp\/v2\/posts\/38297\/revisions\/38299"}],"wp:featuredmedia":[{"embeddable":true,"href":"https:\/\/vocesdebaires.com.ar\/index.php\/wp-json\/wp\/v2\/media\/38298"}],"wp:attachment":[{"href":"https:\/\/vocesdebaires.com.ar\/index.php\/wp-json\/wp\/v2\/media?parent=38297"}],"wp:term":[{"taxonomy":"category","embeddable":true,"href":"https:\/\/vocesdebaires.com.ar\/index.php\/wp-json\/wp\/v2\/categories?post=38297"},{"taxonomy":"post_tag","embeddable":true,"href":"https:\/\/vocesdebaires.com.ar\/index.php\/wp-json\/wp\/v2\/tags?post=38297"}],"curies":[{"name":"wp","href":"https:\/\/api.w.org\/{rel}","templated":true}]}}