{"id":38300,"date":"2022-05-16T00:28:46","date_gmt":"2022-05-16T03:28:46","guid":{"rendered":"https:\/\/vocesdebaires.com.ar\/?p=38300"},"modified":"2022-05-16T00:30:23","modified_gmt":"2022-05-16T03:30:23","slug":"el-diputado-diego-santilli-realizo-un-raid-de-recorridas-por-la-quinta-seccion","status":"publish","type":"post","link":"https:\/\/vocesdebaires.com.ar\/index.php\/2022\/05\/16\/el-diputado-diego-santilli-realizo-un-raid-de-recorridas-por-la-quinta-seccion\/","title":{"rendered":"El diputado Santilli realiz\u00f3 un raid de recorridas por la quinta secci\u00f3n"},"content":{"rendered":"<p>El Santilli realiz\u00f3 el pasado s\u00e1bado un raid de recorridas por la quinta secci\u00f3n en las \u00faltimas 48 horas. Estuvo en Lezama, Castellano, Dolores, Tordillo, General Guido y Rauch. \u00abLa salida es apostar a la generaci\u00f3n de empleo privado, a la iniciativa privada y a potenciar al sector productivo. Hay que cambiar el chip y hacer algo diferente en la Provincia\u00bb. El diputado nacional Diego Santilli recorri\u00f3 el jueves y ayer distintas localidades de la quinta secci\u00f3n electoral junto a funcionarios y dirigentes de Juntos por el Cambio. Durante las jornadas mantuvo encuentros con productores, comerciantes y vecinos de la zona, con el objetivo de conocer en detalle su situaci\u00f3n econ\u00f3mica y social y sus principales preocupaciones de cara al futuro de la provincia de Buenos Aires.<\/p>\n<p>\u00abLa salida es apostar a la generaci\u00f3n de empleo privado, a la iniciativa privada y a potenciar al sector productivo. Hay que cambiar el chip y hacer algo diferente en la Provincia. Kicillof con sus anteojeras ideol\u00f3gicas est\u00e1 generando un fuerte retroceso y atraso en la Provincia\u201d, afirm\u00f3 Santilli en declaraciones a medios locales. \u00abEl kirchnerismo est\u00e1 a la deriva. Juntos por el Cambio tiene la responsabilidad y la oportunidad de ser el faro de salida a tantos a\u00f1os de frustraciones. La oportunidad est\u00e1 en la inversi\u00f3n en infraestructura, en la conectividad, en la ciencia y la tecnolog\u00eda, en la log\u00edstica.<\/p>\n<p>Tenemos que tener un programa consensuado realista y concreto que enfrente desde el primer d\u00eda de gobierno los problemas estructurales de la provincia\u00bb, detall\u00f3 el diputado nacional de Juntos por el Cambio. La recorrida comenz\u00f3 en Lezama con un encuentro con comerciantes y emprendedores locales. Santilli estuvo acompa\u00f1ado por el concejal local Lucas Iturri y el presidente del PRO en Mar del Plata, Emiliano Giri. Tras el encuentro, el \u201cColo\u201d y los dem\u00e1s dirigentes brindaron entrevistas a los medios locales. La jornada continu\u00f3 en la localidad de Castelli, con otra charla con vecinos y rueda de prensa.<\/p>\n<p>M\u00e1s tarde, Santilli se traslad\u00f3 a Dolores, donde mantuvo un encuentro con el intendente de la localidad, Camilo Etchevarren y el concejal de Castelli, Mauricio Bertucci. La jornada del viernes comenz\u00f3 en General Conesa, en Tordillo. Santilli mantuvo un encuentro con vecinos y comerciantes de la zona y recorri\u00f3 el centro de la localidad. Lo acompa\u00f1\u00f3 al \u201cColo\u201d el presidente de la Sociedad Rural de General Guido, Fernando Garc\u00eda, y el concejal de Tordillo, Pedro Echaves. Finalmente, Santilli se traslad\u00f3 a la ciudad de Rauch, donde realiz\u00f3 tambi\u00e9n una reuni\u00f3n de vecinos y productores y una caminata por el centro comercial.<\/p>\n","protected":false},"excerpt":{"rendered":"<p>El Santilli realiz\u00f3 el pasado s\u00e1bado un raid de recorridas por la quinta secci\u00f3n en las \u00faltimas 48 horas. Estuvo en Lezama, Castellano, Dolores, Tordillo, General Guido y Rauch. \u00abLa salida es apostar a la generaci\u00f3n de empleo privado, a la iniciativa privada y a potenciar al sector productivo. Hay que cambiar el chip y [&hellip;]<\/p>\n","protected":false},"author":2,"featured_media":38301,"comment_status":"open","ping_status":"open","sticky":false,"template":"","format":"standard","meta":{"_et_pb_use_builder":"","_et_pb_old_content":"","_et_gb_content_width":"","footnotes":""},"categories":[34,13],"tags":[],"class_list":["post-38300","post","type-post","status-publish","format-standard","has-post-thumbnail","hentry","category-politica","category-provincia"],"_links":{"self":[{"href":"https:\/\/vocesdebaires.com.ar\/index.php\/wp-json\/wp\/v2\/posts\/38300"}],"collection":[{"href":"https:\/\/vocesdebaires.com.ar\/index.php\/wp-json\/wp\/v2\/posts"}],"about":[{"href":"https:\/\/vocesdebaires.com.ar\/index.php\/wp-json\/wp\/v2\/types\/post"}],"author":[{"embeddable":true,"href":"https:\/\/vocesdebaires.com.ar\/index.php\/wp-json\/wp\/v2\/users\/2"}],"replies":[{"embeddable":true,"href":"https:\/\/vocesdebaires.com.ar\/index.php\/wp-json\/wp\/v2\/comments?post=38300"}],"version-history":[{"count":2,"href":"https:\/\/vocesdebaires.com.ar\/index.php\/wp-json\/wp\/v2\/posts\/38300\/revisions"}],"predecessor-version":[{"id":38303,"href":"https:\/\/vocesdebaires.com.ar\/index.php\/wp-json\/wp\/v2\/posts\/38300\/revisions\/38303"}],"wp:featuredmedia":[{"embeddable":true,"href":"https:\/\/vocesdebaires.com.ar\/index.php\/wp-json\/wp\/v2\/media\/38301"}],"wp:attachment":[{"href":"https:\/\/vocesdebaires.com.ar\/index.php\/wp-json\/wp\/v2\/media?parent=38300"}],"wp:term":[{"taxonomy":"category","embeddable":true,"href":"https:\/\/vocesdebaires.com.ar\/index.php\/wp-json\/wp\/v2\/categories?post=38300"},{"taxonomy":"post_tag","embeddable":true,"href":"https:\/\/vocesdebaires.com.ar\/index.php\/wp-json\/wp\/v2\/tags?post=38300"}],"curies":[{"name":"wp","href":"https:\/\/api.w.org\/{rel}","templated":true}]}}