{"id":38311,"date":"2022-05-17T00:00:51","date_gmt":"2022-05-17T03:00:51","guid":{"rendered":"https:\/\/vocesdebaires.com.ar\/?p=38311"},"modified":"2022-05-16T20:42:21","modified_gmt":"2022-05-16T23:42:21","slug":"granja-los-pibes-un-centro-de-rescate-unico-en-tandil","status":"publish","type":"post","link":"https:\/\/vocesdebaires.com.ar\/index.php\/2022\/05\/17\/granja-los-pibes-un-centro-de-rescate-unico-en-tandil\/","title":{"rendered":"Granja Los Pibes: Un centro de rescate \u00fanico en Tandil"},"content":{"rendered":"<p>Hacer un paseo en familia conjugando naturaleza, observando animales ex\u00f3ticos e interactuando con aves mientras los ni\u00f1os corren por el c\u00e9sped, es solo una parte de lo que se puede vivenciar en el Centro de Rescate de Fauna Silvestre. Este espacio est\u00e1 dise\u00f1ado para pasar una tarde \u00fanica, hacer una pausa m\u00e1gica en su cotidiano y disfrutar de unos mates en las mesas coronadas por frondosos \u00e1rboles. Dentro de las cinco hect\u00e1reas donde funciona Granja Los Pibes, la flora y la fauna del lugar hacen de esta \u00e1rea un espacio lleno de vida, aprendizaje y reflexi\u00f3n.<\/p>\n<p>Los animales que llegan hasta el lugar son rescatados y permanecen all\u00ed, ya que muchos de ellos no pueden ser reintegrados a su h\u00e1bitat. El recorrido se hace caminando, mientras los monos muestran sus destrezas a los visitantes, los loros saludan y alg\u00fan ave de corral lo acompa\u00f1ar\u00e1 por los senderos. Ubicado en el paraje El Centinela y rodeado de un paisaje \u00fanico, este Centro cuenta con m\u00e1s de 70 especies de animales rescatados: zorro albino, ciervos, carpinchos, gato mont\u00e9s, zorros, lagartos, aguiluchos, yarar\u00e1, tucanes, carpintero blanco, pavo real, conejos, monos, cabras, entre otros.<\/p>\n<p>El predio tiene adem\u00e1s un V\u00eda Crucis exclusivo para ni\u00f1os, compuesto por caricaturas. Cuando uno pisa ese espacio se queda con mil sabores y con muchas experiencias, pero particularmente con legados que se pueden transmitir de generaci\u00f3n en generaci\u00f3n \u201clos animales silvestres, no son mascotas. La caza los condena a quedar heridos y terminar enjaulados\u201d. La cueva del cazador, muy recomendada ya que all\u00ed se plasman mensajes imposibles de olvidar tales como \u201chay quien en una Jaula el canto quiere encerrar, pero en prisi\u00f3n nadie canta solo se puede llorar\u2026\u201d<\/p>\n<p>Walter Fern\u00e1ndez, junto a su hijo Emilio Fern\u00e1ndez, llevan el rescate como bandera y un proyecto que hace la diferencia: \u201cAdem\u00e1s de esto que pueden ver, estamos armando a 35 kil\u00f3metros de Tandil un humedal y la idea es ir liberando animales, adem\u00e1s de realizar un Corredor Educativo Guiado\u201d, coment\u00f3 Walter. Los encargados manifestaron que todos los animales se escaparon de hogares o fueron rescatados heridos luego de una caza, pero que los que all\u00ed se reproducen, luego se liberan en Tandil o en otras reservas. Cuando visite Tandil, h\u00e1gase un lugar para conocer Granja los Pibes, le aseguro, no se va arrepentir. Hay amor por la fauna, un cuidado \u00fanico con la flora y unos anfitriones de lujo.<\/p>\n<p>Para mayor informaci\u00f3n 0249 454-5992<br \/>\nhttps:\/\/www.vivotandil.com\/granja-los-pibes-en-tandil-552.html<\/p>\n","protected":false},"excerpt":{"rendered":"<p>Hacer un paseo en familia conjugando naturaleza, observando animales ex\u00f3ticos e interactuando con aves mientras los ni\u00f1os corren por el c\u00e9sped, es solo una parte de lo que se puede vivenciar en el Centro de Rescate de Fauna Silvestre. Este espacio est\u00e1 dise\u00f1ado para pasar una tarde \u00fanica, hacer una pausa m\u00e1gica en su cotidiano [&hellip;]<\/p>\n","protected":false},"author":2,"featured_media":38312,"comment_status":"open","ping_status":"open","sticky":false,"template":"","format":"standard","meta":{"_et_pb_use_builder":"","_et_pb_old_content":"","_et_gb_content_width":"","footnotes":""},"categories":[34,13],"tags":[],"class_list":["post-38311","post","type-post","status-publish","format-standard","has-post-thumbnail","hentry","category-politica","category-provincia"],"_links":{"self":[{"href":"https:\/\/vocesdebaires.com.ar\/index.php\/wp-json\/wp\/v2\/posts\/38311"}],"collection":[{"href":"https:\/\/vocesdebaires.com.ar\/index.php\/wp-json\/wp\/v2\/posts"}],"about":[{"href":"https:\/\/vocesdebaires.com.ar\/index.php\/wp-json\/wp\/v2\/types\/post"}],"author":[{"embeddable":true,"href":"https:\/\/vocesdebaires.com.ar\/index.php\/wp-json\/wp\/v2\/users\/2"}],"replies":[{"embeddable":true,"href":"https:\/\/vocesdebaires.com.ar\/index.php\/wp-json\/wp\/v2\/comments?post=38311"}],"version-history":[{"count":1,"href":"https:\/\/vocesdebaires.com.ar\/index.php\/wp-json\/wp\/v2\/posts\/38311\/revisions"}],"predecessor-version":[{"id":38313,"href":"https:\/\/vocesdebaires.com.ar\/index.php\/wp-json\/wp\/v2\/posts\/38311\/revisions\/38313"}],"wp:featuredmedia":[{"embeddable":true,"href":"https:\/\/vocesdebaires.com.ar\/index.php\/wp-json\/wp\/v2\/media\/38312"}],"wp:attachment":[{"href":"https:\/\/vocesdebaires.com.ar\/index.php\/wp-json\/wp\/v2\/media?parent=38311"}],"wp:term":[{"taxonomy":"category","embeddable":true,"href":"https:\/\/vocesdebaires.com.ar\/index.php\/wp-json\/wp\/v2\/categories?post=38311"},{"taxonomy":"post_tag","embeddable":true,"href":"https:\/\/vocesdebaires.com.ar\/index.php\/wp-json\/wp\/v2\/tags?post=38311"}],"curies":[{"name":"wp","href":"https:\/\/api.w.org\/{rel}","templated":true}]}}