{"id":38314,"date":"2022-05-17T00:00:05","date_gmt":"2022-05-17T03:00:05","guid":{"rendered":"https:\/\/vocesdebaires.com.ar\/?p=38314"},"modified":"2022-05-16T20:46:44","modified_gmt":"2022-05-16T23:46:44","slug":"en-la-ciudaddialogando-ba-en-la-sede-legislativa","status":"publish","type":"post","link":"https:\/\/vocesdebaires.com.ar\/index.php\/2022\/05\/17\/en-la-ciudaddialogando-ba-en-la-sede-legislativa\/","title":{"rendered":"En la ciudad:Dialogando BA en la sede legislativa"},"content":{"rendered":"<p>El Sal\u00f3n San Mart\u00edn de la Legislatura de la Ciudad fue escenario de ayer lunes de exposiciones y debates pol\u00edticos y legislativos en el marco del programa \u00abDialogando BA\u00bb, desarrollado por el Ministerio de Gobierno porte\u00f1o para promover la participaci\u00f3n ciudadana. En este caso, el punto en consideraci\u00f3n se refiri\u00f3 a la denominada \u00abLegislaci\u00f3n Racional\u00bb y cont\u00f3 con la participaci\u00f3n de expositores argentinos, de Colombia y, de manera remota, de Espa\u00f1a y M\u00e9xico.<\/p>\n<p>Los participantes de la jornada trabajaron en ocho mesas de diez integrantes cada una, para tratar diversas tem\u00e1ticas inherentes a la pol\u00edtica y la t\u00e9cnica legislativa. En un segundo tramo, se abordaron t\u00f3picos relativos a las evidencias cient\u00edficas como en la elaboraci\u00f3n de normas legislativas.Adem\u00e1s de funcionarios locales y concejales de Alte. Brown, Avellaneda, Vicente L\u00f3pez, Tigre, Tandil, intervinieron las legisladoras porte\u00f1as Paola Michielotto y Natalia Fidel (VJ) y la Subsecretaria General de la Legislatura CABA, Florencia Romano.<\/p>\n<p>Dialogando BA es un mecanismo para promover la participaci\u00f3n ciudadana en la Ciudad. La iniciativa, a cargo del Ministerio de Gobierno de la ciudad, consiste en invitar a ciudadanos, representantes de organizaciones de la sociedad civil, la academia y el sector privado a discutir en mesas de trabajo las problem\u00e1ticas de la ciudad y dise\u00f1ar propuestas de pol\u00edticas para darles soluci\u00f3n. Las tem\u00e1ticas abordadas por las mesas han sido muy diversas, abarcando desde medidas de pol\u00edtica econ\u00f3mica, educativa, hasta reforma electoral, incluyendo muchas otras.<\/p>\n","protected":false},"excerpt":{"rendered":"<p>El Sal\u00f3n San Mart\u00edn de la Legislatura de la Ciudad fue escenario de ayer lunes de exposiciones y debates pol\u00edticos y legislativos en el marco del programa \u00abDialogando BA\u00bb, desarrollado por el Ministerio de Gobierno porte\u00f1o para promover la participaci\u00f3n ciudadana. En este caso, el punto en consideraci\u00f3n se refiri\u00f3 a la denominada \u00abLegislaci\u00f3n Racional\u00bb [&hellip;]<\/p>\n","protected":false},"author":2,"featured_media":38315,"comment_status":"open","ping_status":"open","sticky":false,"template":"","format":"standard","meta":{"_et_pb_use_builder":"","_et_pb_old_content":"","_et_gb_content_width":"","footnotes":""},"categories":[11,33],"tags":[],"class_list":["post-38314","post","type-post","status-publish","format-standard","has-post-thumbnail","hentry","category-ciudad","category-sociedad-y-cultura-2"],"_links":{"self":[{"href":"https:\/\/vocesdebaires.com.ar\/index.php\/wp-json\/wp\/v2\/posts\/38314"}],"collection":[{"href":"https:\/\/vocesdebaires.com.ar\/index.php\/wp-json\/wp\/v2\/posts"}],"about":[{"href":"https:\/\/vocesdebaires.com.ar\/index.php\/wp-json\/wp\/v2\/types\/post"}],"author":[{"embeddable":true,"href":"https:\/\/vocesdebaires.com.ar\/index.php\/wp-json\/wp\/v2\/users\/2"}],"replies":[{"embeddable":true,"href":"https:\/\/vocesdebaires.com.ar\/index.php\/wp-json\/wp\/v2\/comments?post=38314"}],"version-history":[{"count":1,"href":"https:\/\/vocesdebaires.com.ar\/index.php\/wp-json\/wp\/v2\/posts\/38314\/revisions"}],"predecessor-version":[{"id":38316,"href":"https:\/\/vocesdebaires.com.ar\/index.php\/wp-json\/wp\/v2\/posts\/38314\/revisions\/38316"}],"wp:featuredmedia":[{"embeddable":true,"href":"https:\/\/vocesdebaires.com.ar\/index.php\/wp-json\/wp\/v2\/media\/38315"}],"wp:attachment":[{"href":"https:\/\/vocesdebaires.com.ar\/index.php\/wp-json\/wp\/v2\/media?parent=38314"}],"wp:term":[{"taxonomy":"category","embeddable":true,"href":"https:\/\/vocesdebaires.com.ar\/index.php\/wp-json\/wp\/v2\/categories?post=38314"},{"taxonomy":"post_tag","embeddable":true,"href":"https:\/\/vocesdebaires.com.ar\/index.php\/wp-json\/wp\/v2\/tags?post=38314"}],"curies":[{"name":"wp","href":"https:\/\/api.w.org\/{rel}","templated":true}]}}